{"id":1109,"date":"2021-09-26T10:01:10","date_gmt":"2021-09-26T08:01:10","guid":{"rendered":"https:\/\/dzielmysieusmiechem.pl\/?post_type=ak_aktualnosc&#038;p=1109"},"modified":"2024-06-27T08:57:29","modified_gmt":"2024-06-27T06:57:29","slug":"puchar-bielan-iii-memorial-krystiana-popieli-2","status":"publish","type":"post","link":"https:\/\/dzielmysieusmiechem.pl\/en\/aktualnosci\/puchar-bielan-iii-memorial-krystiana-popieli-2\/","title":{"rendered":"Bielany Cup \u2013 3rd Krystian Popiel Memorial"},"content":{"rendered":"<p>W Warszawie odby\u0142a si\u0119 kolejna edycja Pucharu Bielan. To ciekawy turniej pi\u0142ki no\u017cnej 6-osobowej, a tak\u017ce ju\u017c III edycja Memoria\u0142u Krystiana Popieli. Impreza odby\u0142a si\u0119 przy wsp\u00f3\u0142organizacji <a class=\"oajrlxb2 g5ia77u1 qu0x051f esr5mh6w e9989ue4 r7d6kgcz rq0escxv nhd2j8a9 nc684nl6 p7hjln8o kvgmc6g5 cxmmr5t8 oygrvhab hcukyx3x jb3vyjys rz4wbd8a qt6c0cv9 a8nywdso i1ao9s8h esuyzwwr f1sip0of lzcic4wl q66pz984 gpro0wi8 b1v8xokw\" tabindex=\"0\" role=\"link\" href=\"https:\/\/www.facebook.com\/LIX-Liceum-Og%C3%B3lnokszta%C5%82c%C4%85ce-Mistrzostwa-Sportowego-imJKusoci%C5%84skiego-297328157124890\/?__cft__[0]=AZW-tY5snCj9gbaonOR8eCJVp0OYioEICU3ysIEtRWkMj5G_ZOsl216RuCre2_RuFZBQtudZrIsiXke3NxTTzBLylHIqIzf8WwM6EU8MvOmVCUrn77bsfHbcXcL3KKW-vA99s5lolIwe-zPdEc13oC7t2AeRjSUvZrtwswREAsSlUg&amp;__tn__=kK-y-R\"><span class=\"nc684nl6\">LIX Liceum Og\u00f3lnokszta\u0142c\u0105ce Mistrzostwa Sportowego im.J.Kusoci\u0144skiego<\/span><\/a> i wsp\u00f3\u0142pracy z <a class=\"oajrlxb2 g5ia77u1 qu0x051f esr5mh6w e9989ue4 r7d6kgcz rq0escxv nhd2j8a9 nc684nl6 p7hjln8o kvgmc6g5 cxmmr5t8 oygrvhab hcukyx3x jb3vyjys rz4wbd8a qt6c0cv9 a8nywdso i1ao9s8h esuyzwwr f1sip0of lzcic4wl q66pz984 gpro0wi8 b1v8xokw\" tabindex=\"0\" role=\"link\" href=\"https:\/\/www.facebook.com\/bielanydzielnica\/?__cft__[0]=AZW-tY5snCj9gbaonOR8eCJVp0OYioEICU3ysIEtRWkMj5G_ZOsl216RuCre2_RuFZBQtudZrIsiXke3NxTTzBLylHIqIzf8WwM6EU8MvOmVCUrn77bsfHbcXcL3KKW-vA99s5lolIwe-zPdEc13oC7t2AeRjSUvZrtwswREAsSlUg&amp;__tn__=kK-y-R\"><span class=\"nc684nl6\">Urz\u0105d Dzielnicy Bielany<\/span><\/a> i <a class=\"oajrlxb2 g5ia77u1 qu0x051f esr5mh6w e9989ue4 r7d6kgcz rq0escxv nhd2j8a9 nc684nl6 p7hjln8o kvgmc6g5 cxmmr5t8 oygrvhab hcukyx3x jb3vyjys rz4wbd8a qt6c0cv9 a8nywdso i1ao9s8h esuyzwwr f1sip0of lzcic4wl q66pz984 gpro0wi8 b1v8xokw\" tabindex=\"0\" role=\"link\" href=\"https:\/\/www.facebook.com\/crsbielany\/?__cft__[0]=AZW-tY5snCj9gbaonOR8eCJVp0OYioEICU3ysIEtRWkMj5G_ZOsl216RuCre2_RuFZBQtudZrIsiXke3NxTTzBLylHIqIzf8WwM6EU8MvOmVCUrn77bsfHbcXcL3KKW-vA99s5lolIwe-zPdEc13oC7t2AeRjSUvZrtwswREAsSlUg&amp;__tn__=kK-y-R\"><span class=\"nc684nl6\">CRS Bielany<\/span><\/a>.<\/p>\n<p>Zwyci\u0119zc\u0105 Memoria\u0142u \u2013 cho\u0107 nie wynik sportowy by\u0142 w nim najwa\u017cniejszy &#8211; zosta\u0142a nasza ekipa \u2013 Krystek Team \u00a0\ud83d\ude00<\/p>\n<p>NAJLEPSZY ZAWODNIK<br \/>\nCezary Sauczek (PRIS&#8217;98\/Murawa Suwa\u0142ki)<\/p>\n<p>NAJLEPSZY STRZELEC<br \/>\n\u0141ukasz Pruszy\u0144ski (Przyjaciele Sawika)<\/p>\n<p>NAJLEPSZY BRAMKARZ<br \/>\nJacek Ociepa (Krystek Team)<\/p>\n<p>NAGRODA &#8222;FAIR PLAY&#8221;<br \/>\nRafa\u0142 Ni\u017cnik (Krystek Team)<\/p>\n<div dir=\"auto\">\n<div class=\"o9v6fnle cxmmr5t8 oygrvhab hcukyx3x c1et5uql ii04i59q\">\n<div dir=\"auto\">Polecamy te\u017c: <a href=\"https:\/\/www.facebook.com\/GramyDlaBielan\">https:\/\/www.facebook.com\/GramyDlaBielan<\/a><\/div>\n<\/div>\n<\/div>","protected":false},"excerpt":{"rendered":"<p>W Warszawie odby\u0142a si\u0119 kolejna edycja Pucharu Bielan. To ciekawy turniej pi\u0142ki no\u017cnej 6-osobowej, a tak\u017ce ju\u017c III edycja Memoria\u0142u Krystiana Popieli. Impreza odby\u0142a si\u0119 przy wsp\u00f3\u0142organizacji LIX Liceum Og\u00f3lnokszta\u0142c\u0105ce Mistrzostwa Sportowego im.J.Kusoci\u0144skiego i wsp\u00f3\u0142pracy z Urz\u0105d Dzielnicy Bielany i CRS Bielany. Zwyci\u0119zc\u0105 Memoria\u0142u \u2013 cho\u0107 nie wynik sportowy by\u0142 w nim najwa\u017cniejszy &#8211; zosta\u0142a [&#8230;]<\/p>\n<p><a class=\"btn btn-secondary understrap-read-more-link\" href=\"https:\/\/dzielmysieusmiechem.pl\/en\/aktualnosci\/puchar-bielan-iii-memorial-krystiana-popieli-2\/\">Read More&#8230;<span class=\"screen-reader-text\"> from Puchar Bielan \u2013 III Memoria\u0142 Krystiana Popieli<\/span><\/a><\/p>","protected":false},"author":1,"featured_media":1099,"comment_status":"closed","ping_status":"closed","sticky":false,"template":"","format":"standard","meta":{"footnotes":""},"categories":[8],"tags":[],"class_list":["post-1109","post","type-post","status-publish","format-standard","has-post-thumbnail","hentry","category-aktualnosci"],"acf":[],"aioseo_notices":[],"_links":{"self":[{"href":"https:\/\/dzielmysieusmiechem.pl\/en\/wp-json\/wp\/v2\/posts\/1109","targetHints":{"allow":["GET"]}}],"collection":[{"href":"https:\/\/dzielmysieusmiechem.pl\/en\/wp-json\/wp\/v2\/posts"}],"about":[{"href":"https:\/\/dzielmysieusmiechem.pl\/en\/wp-json\/wp\/v2\/types\/post"}],"author":[{"embeddable":true,"href":"https:\/\/dzielmysieusmiechem.pl\/en\/wp-json\/wp\/v2\/users\/1"}],"replies":[{"embeddable":true,"href":"https:\/\/dzielmysieusmiechem.pl\/en\/wp-json\/wp\/v2\/comments?post=1109"}],"version-history":[{"count":1,"href":"https:\/\/dzielmysieusmiechem.pl\/en\/wp-json\/wp\/v2\/posts\/1109\/revisions"}],"predecessor-version":[{"id":2534,"href":"https:\/\/dzielmysieusmiechem.pl\/en\/wp-json\/wp\/v2\/posts\/1109\/revisions\/2534"}],"wp:featuredmedia":[{"embeddable":true,"href":"https:\/\/dzielmysieusmiechem.pl\/en\/wp-json\/wp\/v2\/media\/1099"}],"wp:attachment":[{"href":"https:\/\/dzielmysieusmiechem.pl\/en\/wp-json\/wp\/v2\/media?parent=1109"}],"wp:term":[{"taxonomy":"category","embeddable":true,"href":"https:\/\/dzielmysieusmiechem.pl\/en\/wp-json\/wp\/v2\/categories?post=1109"},{"taxonomy":"post_tag","embeddable":true,"href":"https:\/\/dzielmysieusmiechem.pl\/en\/wp-json\/wp\/v2\/tags?post=1109"}],"curies":[{"name":"wp","href":"https:\/\/api.w.org\/{rel}","templated":true}]}}