{"id":1111,"date":"2021-10-08T10:34:11","date_gmt":"2021-10-08T08:34:11","guid":{"rendered":"https:\/\/dzielmysieusmiechem.pl\/?post_type=ak_aktualnosc&#038;p=1111"},"modified":"2024-06-27T08:57:29","modified_gmt":"2024-06-27T06:57:29","slug":"gdy-boli-biodro","status":"publish","type":"post","link":"https:\/\/dzielmysieusmiechem.pl\/en\/aktualnosci\/gdy-boli-biodro\/","title":{"rendered":"When your hip hurts\u2026"},"content":{"rendered":"<p>W tym miesi\u0105cu wsparli\u015bmy kolejnego utalentowanego pi\u0142karza &#8211; Artura Prz\u0119czka &#8211; kapitana Wis\u0142y Krak\u00f3w U-14, cz\u0142onka kadry Ma\u0142opolski, najlepszego zawodnika fina\u0142\u00f3w najwi\u0119kszego w Polsce turnieju dla dzieci i m\u0142odzie\u017cy \u201eZ Podw\u00f3rka na Stadion o Puchar Tymbarku (2017 r.).<\/p>\n<p>\u015arodkowy pomocnik Bia\u0142ej Gwiazdy zmaga\u0142 si\u0119 z dolegliwo\u015bciami zwi\u0105zanymi z biodrem. Przez kilka miesi\u0119cy nie potrafiono postawi\u0107 trafnej diagnozy, a\u017c w ko\u0144cu przeci\u0105\u017cenie stawu biodrowego uniemo\u017cliwia\u0142o praktycznie trenowanie i gr\u0119 w pi\u0142k\u0119. Niezb\u0119dna okaza\u0142a si\u0119 operacja.<\/p>\n<p>Nasza Fundacja zaproponowa\u0142a wsparcie. Zorganizowali\u015bmy konsultacje z najlepszymi specjalistami, kt\u00f3rzy postawili w ko\u0144cu w\u0142a\u015bciw\u0105 diagnoz\u0119. Wybrali\u015bmy i op\u0142acili\u015bmy uznan\u0105 w Polsce klinik\u0119, gdzie 5 pa\u017adziernika zosta\u0142a przeprowadzona artroskopia stawu biodrowego.<\/p>\n<blockquote><p>&#8211; Pi\u0142ka no\u017cna to pasja Artura i marzenia, kt\u00f3rych spe\u0142nienie z dnia na dzie\u0144 stawa\u0142o si\u0119 coraz mniej realne. Przez kilka miesi\u0119cy szukali\u015bmy bezskutecznie pomocy u kolejnych specjalist\u00f3w. Przed nami teraz wiele miesi\u0119cy rehabilitacji, ale dzie\u0144, w kt\u00f3rym otrzymali\u015bmy informacj\u0119, \u017ce dzi\u0119ki \u015brodkom Fundacji mo\u017cliwa b\u0119dzie szybka operacja, zmieni\u0142 diametralnie nastawienie syna. Bezradno\u015b\u0107 i niepewno\u015b\u0107 zast\u0105pi\u0142a nadzieja, \u017ce problemy uda si\u0119 jednak pokona\u0107. Zrezygnowanie na twarzy Artura zamieni\u0142o si\u0119 w u\u015bmiech, kt\u00f3ry pojawi\u0142 si\u0119 od razu po udanej operacji. Trudno opisa\u0107 s\u0142owami nasz\u0105 wdzi\u0119czno\u015b\u0107 \u2013 powiedzieli rodzice wychowanka Futbolu Brz\u0105czowice<\/p><\/blockquote>\n<p>ARTURZE, trzymamy mocno kciuki. Wszystko co najlepsze, przed Tob\u0105\u00a0\ud83d\ude42\u00a0 Wracaj na boisku, jak najszybciej to b\u0119dzie mo\u017cliwe\u00a0\u2757<\/p>","protected":false},"excerpt":{"rendered":"<p>W tym miesi\u0105cu wsparli\u015bmy kolejnego utalentowanego pi\u0142karza &#8211; Artura Prz\u0119czka &#8211; kapitana Wis\u0142y Krak\u00f3w U-14, cz\u0142onka kadry Ma\u0142opolski, najlepszego zawodnika fina\u0142\u00f3w najwi\u0119kszego w Polsce turnieju dla dzieci i m\u0142odzie\u017cy \u201eZ Podw\u00f3rka na Stadion o Puchar Tymbarku (2017 r.). \u015arodkowy pomocnik Bia\u0142ej Gwiazdy zmaga\u0142 si\u0119 z dolegliwo\u015bciami zwi\u0105zanymi z biodrem. Przez kilka miesi\u0119cy nie potrafiono postawi\u0107 [&#8230;]<\/p>\n<p><a class=\"btn btn-secondary understrap-read-more-link\" href=\"https:\/\/dzielmysieusmiechem.pl\/en\/aktualnosci\/gdy-boli-biodro\/\">Read More&#8230;<span class=\"screen-reader-text\"> from Gdy boli biodro&#8230;<\/span><\/a><\/p>","protected":false},"author":1,"featured_media":1112,"comment_status":"closed","ping_status":"closed","sticky":false,"template":"","format":"standard","meta":{"footnotes":""},"categories":[8],"tags":[],"class_list":["post-1111","post","type-post","status-publish","format-standard","has-post-thumbnail","hentry","category-aktualnosci"],"acf":[],"aioseo_notices":[],"_links":{"self":[{"href":"https:\/\/dzielmysieusmiechem.pl\/en\/wp-json\/wp\/v2\/posts\/1111","targetHints":{"allow":["GET"]}}],"collection":[{"href":"https:\/\/dzielmysieusmiechem.pl\/en\/wp-json\/wp\/v2\/posts"}],"about":[{"href":"https:\/\/dzielmysieusmiechem.pl\/en\/wp-json\/wp\/v2\/types\/post"}],"author":[{"embeddable":true,"href":"https:\/\/dzielmysieusmiechem.pl\/en\/wp-json\/wp\/v2\/users\/1"}],"replies":[{"embeddable":true,"href":"https:\/\/dzielmysieusmiechem.pl\/en\/wp-json\/wp\/v2\/comments?post=1111"}],"version-history":[{"count":1,"href":"https:\/\/dzielmysieusmiechem.pl\/en\/wp-json\/wp\/v2\/posts\/1111\/revisions"}],"predecessor-version":[{"id":2533,"href":"https:\/\/dzielmysieusmiechem.pl\/en\/wp-json\/wp\/v2\/posts\/1111\/revisions\/2533"}],"wp:featuredmedia":[{"embeddable":true,"href":"https:\/\/dzielmysieusmiechem.pl\/en\/wp-json\/wp\/v2\/media\/1112"}],"wp:attachment":[{"href":"https:\/\/dzielmysieusmiechem.pl\/en\/wp-json\/wp\/v2\/media?parent=1111"}],"wp:term":[{"taxonomy":"category","embeddable":true,"href":"https:\/\/dzielmysieusmiechem.pl\/en\/wp-json\/wp\/v2\/categories?post=1111"},{"taxonomy":"post_tag","embeddable":true,"href":"https:\/\/dzielmysieusmiechem.pl\/en\/wp-json\/wp\/v2\/tags?post=1111"}],"curies":[{"name":"wp","href":"https:\/\/api.w.org\/{rel}","templated":true}]}}