{"id":1142,"date":"2021-10-27T12:37:52","date_gmt":"2021-10-27T10:37:52","guid":{"rendered":"https:\/\/dzielmysieusmiechem.pl\/?post_type=ak_aktualnosc&#038;p=1142"},"modified":"2025-03-12T12:33:23","modified_gmt":"2025-03-12T11:33:23","slug":"biegamy-i-pomagamy","status":"publish","type":"post","link":"https:\/\/dzielmysieusmiechem.pl\/en\/aktualnosci\/biegamy-i-pomagamy\/","title":{"rendered":"We run and help"},"content":{"rendered":"<p><strong>Szcz\u0119\u015bcie to jedyna rzecz, kt\u00f3ra si\u0119 mno\u017cy, je\u015bli si\u0119 j\u0105 dzieli<\/strong><strong> \u2013<\/strong> powiedzia\u0142 kiedy\u015b Albert Schweitzer, lekarz, filozof, laureat Pokojowej Nagrody Nobla. Od \u015bmierci Krystiana staramy si\u0119 kierowa\u0107 t\u0105 maksym\u0105 i dzi\u0119ki Waszej hojno\u015bci, pomaga\u0107, tym, kt\u00f3rzy tego naprawd\u0119 potrzebuj\u0105. Dzielimy si\u0119 u\u015bmiechem, ale przede wszystkim przekazujemy konkretne \u015brodki na to, by sportowcy, kt\u00f3rych do\u015bwiadczy\u0142 los, mogli wr\u00f3ci\u0107 do \u017cycia. Do sportu. Do marze\u0144.<\/p>\n<p><strong>Wsp\u00f3\u0142pracujemy w naszych dzia\u0142aniach z innymi. Z podobnymi do naszej Fundacjami, ale tak\u017ce z osobisto\u015bciami \u017cycia spo\u0142ecznego i kulturalnego oraz \u00a0znanymi sportowcami. Wiemy, \u017ce tylko razem, \u0142\u0105cz\u0105c si\u0142y, jeste\u015bmy w stanie naprawd\u0119 pom\u00f3c. <\/strong><\/p>\n<p><strong>Dzi\u015b przyk\u0142ad takiej wsp\u00f3\u0142pracy. Historia przejmuj\u0105ca, chwytaj\u0105ca za serce. Jak wiele, kt\u00f3rej do tej pory Wam prezentowali\u015bmy,\u2026 ale jednak inna. Bo oznaczaj\u0105ca walk\u0119 o \u017cycie. Historia <\/strong><strong>Sebastiana Ocimka<\/strong> \u2013 16-letniego, dobrze rokuj\u0105cego pi\u0142karza KS Pojezierze Prostki, kt\u00f3remu los okrutnie pokrzy\u017cowa\u0142 plany. Debiutuj\u0105c w\u00a0seniorskiej pi\u0142ce, zderzy\u0142 si\u0119 z bramkarzem przeciwnej dru\u017cyny, w\u00a0wyniku czego, z\u0142ama\u0142 kr\u0119gos\u0142up szyjny i\u00a0dotkliwie uszkodzi\u0142 rdze\u0144 kr\u0119gowy.<strong> Zbi\u00f3rk\u0119 na pomoc Sebastianowi i jego rodzinie zorganizowa\u0142a, wykonuj\u0105ca wspania\u0142\u0105 prac\u0119 <\/strong><strong>Fundacja Doliczony Czas \u2013 <\/strong><strong>za\u0142o\u017cona przez Rafa\u0142a Ko\u015bca b. zawodnika pi\u0142karza m.in. Polonii Warszawa, kt\u00f3ry po ci\u0119\u017ckim wypadku 4 lata temu zako\u0144czy\u0142 karier\u0119, a teraz, samo potrzebuj\u0105c wsparcia, pomaga innym. Zebrane przez jego Fundacj\u0119 \u015brodki finansowe zostan\u0105 wykorzystane na \u00a0wsparcie dalszego <\/strong>diagnozowania Sebastiana, badania, leczenie wst\u0119pne, rehabilitacje, zabiegi, dostosowanie jego mieszkania do \u017cycia w\u00a0nowej rzeczywisto\u015bci. Otw\u00f3rzmy po raz kolejny nasze serca i pom\u00f3\u017cmy. <strong>Nie liczy si\u0119 to ile posiadasz, ale ile dajesz innym i jak si\u0119 z nimi dzielisz. Informacje na temat zbi\u00f3rki znajdziecie tutaj: <\/strong><a href=\"https:\/\/doliczonyczas.org\/podopieczni\/sebastian-ocimek\">https:\/\/doliczonyczas.org\/podopieczni\/sebastian-ocimek<\/a><\/p>\n<p><iframe loading=\"lazy\" style=\"border: none; overflow: hidden;\" src=\"https:\/\/www.facebook.com\/plugins\/post.php?href=https%3A%2F%2Fwww.facebook.com%2Ffundacjadzielmysieusmiechem%2Fposts%2F425642425584026&amp;show_text=true&amp;width=500\" width=\"500\" height=\"611\" frameborder=\"0\" scrolling=\"no\" allowfullscreen=\"allowfullscreen\"><\/iframe><\/p>\n<p><strong>Wiemy jak wa\u017cn\u0105 rol\u0119 w pomaganiu odgrywaj\u0105 ciekawi, charakterni i niez\u0142omni ludzie, kt\u00f3rzy w swojej walce ze s\u0142abo\u015bciami inspiruj\u0105 innych, otwieraj\u0105 ich oczy i serca na problemy drugiego cz\u0142owieka. <a href=\"https:\/\/dzielmysieusmiechem.pl\/en\/aktualnosci\/biegiem-z-aten-do-sparty\/\">Prezentowali\u015bmy ostatnio kogo\u015b takiego &#8211; <\/a><\/strong><strong>Paw\u0142a \u017buka<\/strong><strong>, kt\u00f3ry nied\u0142ugo (19 listopada) wyruszy w morderczy bieg z Aten, przez Kana\u0142 Koryncki, Spart\u0119 i z powrotem pod Akropol.<\/strong> W porozumieniu z Paw\u0142em i Fundacj\u0105 Doliczony Czas chcemy, by grecka 490 km-odyseja biegowa Paw\u0142a by\u0142a kanw\u0105 i inspiracj\u0105 do zbi\u00f3rki na rzecz Sebastiana. Chcemy, by z ka\u017cdym przebiegni\u0119tym przez Paw\u0142a kilometrem, Wasze serca otwiera\u0142y si\u0119 bardziej, aby mo\u017cna by\u0142o jak najszybciej zebra\u0107 potrzebne pieni\u0105dze. Chcemy pokaza\u0107 dwa ekstremalne \u015bwiaty: nieludzkiego wysi\u0142ku fizycznego biegacza i heroicznej walki o \u017cycie m\u0142odego pi\u0142karza z Warmii i Mazur. Po\u0142\u0105czy\u0107 je mo\u017ce Wasze dobro. Podziwiaj\u0105c i kibicuj\u0105c Paw\u0142owi. wp\u0142acajcie pieni\u0105dze dla Sebastiana.<\/p>\n<h4>A tym, kt\u00f3rzy chc\u0105 jeszcze bardziej aktywnie w\u0142\u0105czy\u0107 si\u0119 w nasza akcj\u0119, proponujemy \u2026do\u0142\u0105czenie do ate\u0144skiego biegu Paw\u0142a. Wyjd\u017acie w swoich miastach i miejscowo\u015bciach na trasy biegowe, boiska, stadiony. Dystans nie jest wa\u017cny. 1 km. 5 &#8211; , 10, a mo\u017ce wi\u0119cej. Prze\u015blijcie nam screeny lub zdj\u0119cia Waszej aktywno\u015bci i informacje o wzi\u0119ciu udzia\u0142u w zbi\u00f3rce na rzecz Sebastiana (je\u015bli chcecie si\u0119 t\u0105 informacj\u0105 podzieli\u0107). Obiecujemy, \u017ce wszystkie je opublikujemy na naszym profilu, a p\u00f3\u017aniej przygotujemy relacj\u0119 w naszym serwisie.<\/h4>\n<p>B\u0105d\u017acie wi\u0119c z nami Pomy\u015blcie o innych, do\u015bwiadczonych, a cz\u0119sto poharatanych czy zmia\u017cd\u017conych przez los. Oni si\u0119 podnios\u0105, je\u015bli im pomo\u017cecie. Pami\u0119tajcie o takich organizacjach jak Fundacja Doliczony Czas, czy Fundacja Dzielmy si\u0119 U\u015bmiechem Krystiana Popieli. \u015arodki wp\u0142acane za ich po\u015brednictwem naprawd\u0119 pomagaj\u0105. A pomaganie jest dobre. Pomaganie jest wa\u017cne. Pomaganie zmienia \u015bwiat na lepsze\u2026 Pomagajcie z nami &#8211; <a href=\"https:\/\/dzielmysieusmiechem.pl\/en\/chce-pomoc\/\">https:\/\/dzielmysieusmiechem.pl\/chce-pomoc\/<\/a><\/p>\n<p>#MentalnyKop #Cutline #cleanlabsnutrition #altrarunningpolska #tricentre #ronhillpolska #ronhill #interteam #katalogmarzen #dzielmysieusmiechem<\/p>\n<p><strong>\u00a0<\/strong><\/p>","protected":false},"excerpt":{"rendered":"<p>Szcz\u0119\u015bcie to jedyna rzecz, kt\u00f3ra si\u0119 mno\u017cy, je\u015bli si\u0119 j\u0105 dzieli \u2013 powiedzia\u0142 kiedy\u015b Albert Schweitzer, lekarz, filozof, laureat Pokojowej Nagrody Nobla. Od \u015bmierci Krystiana staramy si\u0119 kierowa\u0107 t\u0105 maksym\u0105 i dzi\u0119ki Waszej hojno\u015bci, pomaga\u0107, tym, kt\u00f3rzy tego naprawd\u0119 potrzebuj\u0105. Dzielimy si\u0119 u\u015bmiechem, ale przede wszystkim przekazujemy konkretne \u015brodki na to, by sportowcy, kt\u00f3rych do\u015bwiadczy\u0142 [&#8230;]<\/p>\n<p><a class=\"btn btn-secondary understrap-read-more-link\" href=\"https:\/\/dzielmysieusmiechem.pl\/en\/aktualnosci\/biegamy-i-pomagamy\/\">Read More&#8230;<span class=\"screen-reader-text\"> from Biegamy i pomagamy<\/span><\/a><\/p>","protected":false},"author":1,"featured_media":1143,"comment_status":"closed","ping_status":"closed","sticky":false,"template":"","format":"standard","meta":{"footnotes":""},"categories":[8],"tags":[],"class_list":["post-1142","post","type-post","status-publish","format-standard","has-post-thumbnail","hentry","category-aktualnosci"],"acf":[],"aioseo_notices":[],"_links":{"self":[{"href":"https:\/\/dzielmysieusmiechem.pl\/en\/wp-json\/wp\/v2\/posts\/1142","targetHints":{"allow":["GET"]}}],"collection":[{"href":"https:\/\/dzielmysieusmiechem.pl\/en\/wp-json\/wp\/v2\/posts"}],"about":[{"href":"https:\/\/dzielmysieusmiechem.pl\/en\/wp-json\/wp\/v2\/types\/post"}],"author":[{"embeddable":true,"href":"https:\/\/dzielmysieusmiechem.pl\/en\/wp-json\/wp\/v2\/users\/1"}],"replies":[{"embeddable":true,"href":"https:\/\/dzielmysieusmiechem.pl\/en\/wp-json\/wp\/v2\/comments?post=1142"}],"version-history":[{"count":2,"href":"https:\/\/dzielmysieusmiechem.pl\/en\/wp-json\/wp\/v2\/posts\/1142\/revisions"}],"predecessor-version":[{"id":3252,"href":"https:\/\/dzielmysieusmiechem.pl\/en\/wp-json\/wp\/v2\/posts\/1142\/revisions\/3252"}],"wp:featuredmedia":[{"embeddable":true,"href":"https:\/\/dzielmysieusmiechem.pl\/en\/wp-json\/wp\/v2\/media\/1143"}],"wp:attachment":[{"href":"https:\/\/dzielmysieusmiechem.pl\/en\/wp-json\/wp\/v2\/media?parent=1142"}],"wp:term":[{"taxonomy":"category","embeddable":true,"href":"https:\/\/dzielmysieusmiechem.pl\/en\/wp-json\/wp\/v2\/categories?post=1142"},{"taxonomy":"post_tag","embeddable":true,"href":"https:\/\/dzielmysieusmiechem.pl\/en\/wp-json\/wp\/v2\/tags?post=1142"}],"curies":[{"name":"wp","href":"https:\/\/api.w.org\/{rel}","templated":true}]}}