{"id":1225,"date":"2019-01-26T11:05:12","date_gmt":"2019-01-26T10:05:12","guid":{"rendered":"https:\/\/dzielmysieusmiechem.pl\/?post_type=ak_bale&#038;p=1225"},"modified":"2024-06-27T08:55:25","modified_gmt":"2024-06-27T06:55:25","slug":"kolacja-z-usmiechem-2019","status":"publish","type":"post","link":"https:\/\/dzielmysieusmiechem.pl\/en\/bale-z-usmiechem\/kolacja-z-usmiechem-2019\/","title":{"rendered":"Kolacja z u\u015bmiechem 2019"},"content":{"rendered":"<p>Kolacja z U\u015bmiechem by\u0142a wyj\u0105tkowa z wielu wzgl\u0119d\u00f3w, a najwa\u017cniejszy z nich, to w jego trakcie rodzice Krystiana: Agnieszka i Jarek dokonali oficjalnego podpisania dokument\u00f3w, kt\u00f3re da\u0142y pocz\u0105tek dzia\u0142alno\u015bci Fundacji im. ich syna.<\/p>\n<p>Podczas kolacji odby\u0142a si\u0119 licytacja licznie zgromadzonych pami\u0105tek sportowc\u00f3w, a tak\u017ce nagr\u00f3d ufundowanych przez naszych darczy\u0144c\u00f3w. Datki z licytacji oraz dodatkowo zebrane pieni\u0105dze przeznaczone zosta\u0142y na poczet Podopiecznych naszej Fundacji.<\/p>\n<p><strong>Dzi\u0119kujemy Wszystkim za wsparcie i ogromne serce!<\/strong><\/p>\n<p><iframe loading=\"lazy\" src=\"\/\/www.youtube.com\/embed\/t5aoIH-iNAE\" width=\"560\" height=\"314\" allowfullscreen=\"allowfullscreen\" data-mce-fragment=\"1\"><\/iframe><\/p>","protected":false},"excerpt":{"rendered":"<p>Kolacja z U\u015bmiechem by\u0142a wyj\u0105tkowa z wielu wzgl\u0119d\u00f3w, a najwa\u017cniejszy z nich, to w jego trakcie rodzice Krystiana: Agnieszka i Jarek dokonali oficjalnego podpisania dokument\u00f3w, kt\u00f3re da\u0142y pocz\u0105tek dzia\u0142alno\u015bci Fundacji im. ich syna. Podczas kolacji odby\u0142a si\u0119 licytacja licznie zgromadzonych pami\u0105tek sportowc\u00f3w, a tak\u017ce nagr\u00f3d ufundowanych przez naszych darczy\u0144c\u00f3w. Datki z licytacji oraz dodatkowo zebrane [&#8230;]<\/p>\n<p><a class=\"btn btn-secondary understrap-read-more-link\" href=\"https:\/\/dzielmysieusmiechem.pl\/en\/bale-z-usmiechem\/kolacja-z-usmiechem-2019\/\">Read More&#8230;<span class=\"screen-reader-text\"> from Kolacja z u\u015bmiechem 2019<\/span><\/a><\/p>","protected":false},"author":1,"featured_media":856,"comment_status":"closed","ping_status":"closed","sticky":false,"template":"","format":"standard","meta":{"footnotes":""},"categories":[9],"tags":[],"class_list":["post-1225","post","type-post","status-publish","format-standard","has-post-thumbnail","hentry","category-bale-z-usmiechem"],"acf":[],"aioseo_notices":[],"_links":{"self":[{"href":"https:\/\/dzielmysieusmiechem.pl\/en\/wp-json\/wp\/v2\/posts\/1225","targetHints":{"allow":["GET"]}}],"collection":[{"href":"https:\/\/dzielmysieusmiechem.pl\/en\/wp-json\/wp\/v2\/posts"}],"about":[{"href":"https:\/\/dzielmysieusmiechem.pl\/en\/wp-json\/wp\/v2\/types\/post"}],"author":[{"embeddable":true,"href":"https:\/\/dzielmysieusmiechem.pl\/en\/wp-json\/wp\/v2\/users\/1"}],"replies":[{"embeddable":true,"href":"https:\/\/dzielmysieusmiechem.pl\/en\/wp-json\/wp\/v2\/comments?post=1225"}],"version-history":[{"count":1,"href":"https:\/\/dzielmysieusmiechem.pl\/en\/wp-json\/wp\/v2\/posts\/1225\/revisions"}],"predecessor-version":[{"id":2507,"href":"https:\/\/dzielmysieusmiechem.pl\/en\/wp-json\/wp\/v2\/posts\/1225\/revisions\/2507"}],"wp:featuredmedia":[{"embeddable":true,"href":"https:\/\/dzielmysieusmiechem.pl\/en\/wp-json\/wp\/v2\/media\/856"}],"wp:attachment":[{"href":"https:\/\/dzielmysieusmiechem.pl\/en\/wp-json\/wp\/v2\/media?parent=1225"}],"wp:term":[{"taxonomy":"category","embeddable":true,"href":"https:\/\/dzielmysieusmiechem.pl\/en\/wp-json\/wp\/v2\/categories?post=1225"},{"taxonomy":"post_tag","embeddable":true,"href":"https:\/\/dzielmysieusmiechem.pl\/en\/wp-json\/wp\/v2\/tags?post=1225"}],"curies":[{"name":"wp","href":"https:\/\/api.w.org\/{rel}","templated":true}]}}