{"id":1263,"date":"2022-04-04T21:18:59","date_gmt":"2022-04-04T19:18:59","guid":{"rendered":"https:\/\/dzielmysieusmiechem.pl\/?post_type=ak_aktualnosc&#038;p=1263"},"modified":"2024-06-27T08:57:28","modified_gmt":"2024-06-27T06:57:28","slug":"trzymaj-sie-edgarze","status":"publish","type":"post","link":"https:\/\/dzielmysieusmiechem.pl\/en\/aktualnosci\/trzymaj-sie-edgarze\/","title":{"rendered":"Hang in there, Edgar!"},"content":{"rendered":"<p class=\"x_MsoNormal\">Edgar Jo\u0144czyk (2001) to kolejny nasz Podopieczny. Pi\u0142karsko zwi\u0105zany z Escol\u0105 Varsovia od 2012 r \u2013 od momentu powstania klubu. Utalentowany \u015brodkowy pomocnik.<\/p>\n<p class=\"x_MsoNormal\">Pod koniec stycznia na treningu dozna\u0142 ci\u0119\u017ckiej kontuzji. Pierwsze diagnozy by\u0142y b\u0142\u0119dne \u2013 dawa\u0142y nadziej\u0119. Niestety, kolejne potwierdzi\u0142y jeden z najgorszych dla pi\u0142karza scenariuszy \u2013 zerwane wi\u0119zad\u0142o krzy\u017cowe przednie w lewym kolanie. Niezb\u0119dna by\u0142a operacja. Na szcz\u0119\u015bcie wszystko posz\u0142o zgodnie z planem &#8211; teraz Edgara czeka \u017cmudna, kilkumiesi\u0119czna rehabilitacja.<\/p>\n<p class=\"x_MsoNormal\">&#8211; <em>Jestem niezmiernie wdzi\u0119czny Fundacji za pomoc. Sfinansowali mi badania, diagnostyk\u0119 a przede wszystkim kosztown\u0105 operacj\u0119. Teraz \u2013 r\u00f3wnie\u017c dzi\u0119ki \u015brodkom Fundacji \u2013 mog\u0119 liczy\u0107 na profesjonaln\u0105 rehabilitacj\u0119. To dla mnie bardzo wa\u017cne. Dzi\u0119kuj\u0119 z ca\u0142ego serca<\/em> \u00a0&#8211; powiedzia\u0142 zawodnik Escoli.<\/p>\n<p class=\"x_MsoNormal\">Trzymaj si\u0119 Edgarze \u2757 Wierzymy w Tw\u00f3j szybki powr\u00f3t na boiska. Dasz rad\u0119 \ud83d\udcaa\u00a0\ud83d\ude00 \u00a0\ud83d\ude00\u00a0\ud83d\udcaa<\/p>","protected":false},"excerpt":{"rendered":"<p>Edgar Jo\u0144czyk (2001) to kolejny nasz Podopieczny. Pi\u0142karsko zwi\u0105zany z Escol\u0105 Varsovia od 2012 r \u2013 od momentu powstania klubu. Utalentowany \u015brodkowy pomocnik. Pod koniec stycznia na treningu dozna\u0142 ci\u0119\u017ckiej kontuzji. Pierwsze diagnozy by\u0142y b\u0142\u0119dne \u2013 dawa\u0142y nadziej\u0119. Niestety, kolejne potwierdzi\u0142y jeden z najgorszych dla pi\u0142karza scenariuszy \u2013 zerwane wi\u0119zad\u0142o krzy\u017cowe przednie w lewym kolanie. [&#8230;]<\/p>\n<p><a class=\"btn btn-secondary understrap-read-more-link\" href=\"https:\/\/dzielmysieusmiechem.pl\/en\/aktualnosci\/trzymaj-sie-edgarze\/\">Read More&#8230;<span class=\"screen-reader-text\"> from Trzymaj si\u0119 Edgarze!<\/span><\/a><\/p>","protected":false},"author":1,"featured_media":1265,"comment_status":"closed","ping_status":"closed","sticky":false,"template":"","format":"standard","meta":{"footnotes":""},"categories":[8],"tags":[],"class_list":["post-1263","post","type-post","status-publish","format-standard","has-post-thumbnail","hentry","category-aktualnosci"],"acf":[],"aioseo_notices":[],"_links":{"self":[{"href":"https:\/\/dzielmysieusmiechem.pl\/en\/wp-json\/wp\/v2\/posts\/1263","targetHints":{"allow":["GET"]}}],"collection":[{"href":"https:\/\/dzielmysieusmiechem.pl\/en\/wp-json\/wp\/v2\/posts"}],"about":[{"href":"https:\/\/dzielmysieusmiechem.pl\/en\/wp-json\/wp\/v2\/types\/post"}],"author":[{"embeddable":true,"href":"https:\/\/dzielmysieusmiechem.pl\/en\/wp-json\/wp\/v2\/users\/1"}],"replies":[{"embeddable":true,"href":"https:\/\/dzielmysieusmiechem.pl\/en\/wp-json\/wp\/v2\/comments?post=1263"}],"version-history":[{"count":1,"href":"https:\/\/dzielmysieusmiechem.pl\/en\/wp-json\/wp\/v2\/posts\/1263\/revisions"}],"predecessor-version":[{"id":2525,"href":"https:\/\/dzielmysieusmiechem.pl\/en\/wp-json\/wp\/v2\/posts\/1263\/revisions\/2525"}],"wp:featuredmedia":[{"embeddable":true,"href":"https:\/\/dzielmysieusmiechem.pl\/en\/wp-json\/wp\/v2\/media\/1265"}],"wp:attachment":[{"href":"https:\/\/dzielmysieusmiechem.pl\/en\/wp-json\/wp\/v2\/media?parent=1263"}],"wp:term":[{"taxonomy":"category","embeddable":true,"href":"https:\/\/dzielmysieusmiechem.pl\/en\/wp-json\/wp\/v2\/categories?post=1263"},{"taxonomy":"post_tag","embeddable":true,"href":"https:\/\/dzielmysieusmiechem.pl\/en\/wp-json\/wp\/v2\/tags?post=1263"}],"curies":[{"name":"wp","href":"https:\/\/api.w.org\/{rel}","templated":true}]}}