{"id":1300,"date":"2022-05-07T11:20:10","date_gmt":"2022-05-07T09:20:10","guid":{"rendered":"https:\/\/dzielmysieusmiechem.pl\/?post_type=ak_aktualnosc&#038;p=1300"},"modified":"2024-06-27T08:57:28","modified_gmt":"2024-06-27T06:57:28","slug":"wspieramy-dynamo-kijow","status":"publish","type":"post","link":"https:\/\/dzielmysieusmiechem.pl\/en\/aktualnosci\/wspieramy-dynamo-kijow\/","title":{"rendered":"We support Dynamo Kyiv"},"content":{"rendered":"<p>Jako, \u017ce nasza Fundacja pomaga m\u0142odym sportowcom, tote\u017c zdecydowali\u015bmy si\u0119 otoczy\u0107 opiek\u0105 pi\u0142karzy z dru\u017cyny <strong>FC Dynamo Kyiv<\/strong> (rocznik 2008). Cz\u0119\u015b\u0107 ch\u0142opc\u00f3w przebywa w Polsce bez rodzic\u00f3w, wi\u0119c starali\u015bmy si\u0119 ze wszystkich si\u0142, aby zapewni\u0107 im nie tylko warunki do \u017cycia (zakupili\u015bmy 4 \u0142\u00f3\u017cka pi\u0119trowe oraz niezb\u0119dn\u0105 po\u015bciel i koce oraz ubrania, bielizn\u0119 i kosmetyki, a tak\u017ce sfinansowali\u015bmy posi\u0142ki), ale przede wszystkim chcieli\u015bmy, aby jak najmniej odczuwali skutki roz\u0142\u0105ki ze swoj\u0105 rodzin\u0105 i ojczyzn\u0105.<\/p>\n<p>Wielkie podzi\u0119kowania sk\u0142adamy:<\/p>\n<ul>\n<li>firmie <strong>Reporter Young<\/strong>, kt\u00f3ra przekaza\u0142a nam dwa pud\u0142a ubra\u0144 dla ch\u0142opc\u00f3w<\/li>\n<li>firmie <strong>oshee<\/strong>, kt\u00f3ra zapewni\u0142a zdrowe przek\u0105ski i napoje m\u0142odym sportowcom.<\/li>\n<li><strong>Ani Fidelus<\/strong>, dzi\u0119ki kt\u00f3rej wspaniali darczy\u0144cy z USA przekazali sportowe ubrania i akcesoria sportowe<\/li>\n<li><strong>Agnieszce Popieli-Lis<\/strong>, kt\u00f3ra go\u015bci\u0142a u siebie w domu dw\u00f3ch ch\u0142opc\u00f3w z Dynamo Kij\u00f3w (rocznik 2007)<\/li>\n<\/ul>\n<p>Obecnie ch\u0142opcy trenuj\u0105 w Zag\u0142\u0119biu Sosnowiec \u2013 klub zapewni\u0142 im kompleksowe wsparcie. Fundacja im. Krystiana Popieli na bie\u017c\u0105co przekazuje \u015brodki finansowe na utrzymanie m\u0142odych pi\u0142karzy w Polsce.<\/p>\n<p>Przeczyta\u0107 o pomocy naszej Fundacji mo\u017cna te\u017c tutaj:<\/p>\n<ul>\n<li><a href=\"https:\/\/sport.tvp.pl\/59235029\/atak-rosji-na-ukraine-polskie-kluby-pomagaja-mlodym-pilkarzom-dynama-kijow\">https:\/\/sport.tvp.pl\/59235029\/atak-rosji-na-ukraine-polskie-kluby-pomagaja-mlodym-pilkarzom-dynama-kijow<\/a><\/li>\n<li><a href=\"https:\/\/dzielmysieusmiechem.pl\/wp-content\/uploads\/2022\/05\/Podziekowania-dla-Fundacji-od-klubu-Dynamo-Kijow.pdf\">Podzi\u0119kowania dla Fundacji od klubu Dynamo Kij\u00f3w<\/a><\/li>\n<\/ul>","protected":false},"excerpt":{"rendered":"<p>Jako, \u017ce nasza Fundacja pomaga m\u0142odym sportowcom, tote\u017c zdecydowali\u015bmy si\u0119 otoczy\u0107 opiek\u0105 pi\u0142karzy z dru\u017cyny FC Dynamo Kyiv (rocznik 2008). Cz\u0119\u015b\u0107 ch\u0142opc\u00f3w przebywa w Polsce bez rodzic\u00f3w, wi\u0119c starali\u015bmy si\u0119 ze wszystkich si\u0142, aby zapewni\u0107 im nie tylko warunki do \u017cycia (zakupili\u015bmy 4 \u0142\u00f3\u017cka pi\u0119trowe oraz niezb\u0119dn\u0105 po\u015bciel i koce oraz ubrania, bielizn\u0119 i kosmetyki, [&#8230;]<\/p>\n<p><a class=\"btn btn-secondary understrap-read-more-link\" href=\"https:\/\/dzielmysieusmiechem.pl\/en\/aktualnosci\/wspieramy-dynamo-kijow\/\">Read More&#8230;<span class=\"screen-reader-text\"> from Wspieramy Dynamo Kij\u00f3w<\/span><\/a><\/p>","protected":false},"author":1,"featured_media":1305,"comment_status":"closed","ping_status":"closed","sticky":false,"template":"","format":"standard","meta":{"footnotes":""},"categories":[8],"tags":[],"class_list":["post-1300","post","type-post","status-publish","format-standard","has-post-thumbnail","hentry","category-aktualnosci"],"acf":[],"aioseo_notices":[],"_links":{"self":[{"href":"https:\/\/dzielmysieusmiechem.pl\/en\/wp-json\/wp\/v2\/posts\/1300","targetHints":{"allow":["GET"]}}],"collection":[{"href":"https:\/\/dzielmysieusmiechem.pl\/en\/wp-json\/wp\/v2\/posts"}],"about":[{"href":"https:\/\/dzielmysieusmiechem.pl\/en\/wp-json\/wp\/v2\/types\/post"}],"author":[{"embeddable":true,"href":"https:\/\/dzielmysieusmiechem.pl\/en\/wp-json\/wp\/v2\/users\/1"}],"replies":[{"embeddable":true,"href":"https:\/\/dzielmysieusmiechem.pl\/en\/wp-json\/wp\/v2\/comments?post=1300"}],"version-history":[{"count":1,"href":"https:\/\/dzielmysieusmiechem.pl\/en\/wp-json\/wp\/v2\/posts\/1300\/revisions"}],"predecessor-version":[{"id":2524,"href":"https:\/\/dzielmysieusmiechem.pl\/en\/wp-json\/wp\/v2\/posts\/1300\/revisions\/2524"}],"wp:featuredmedia":[{"embeddable":true,"href":"https:\/\/dzielmysieusmiechem.pl\/en\/wp-json\/wp\/v2\/media\/1305"}],"wp:attachment":[{"href":"https:\/\/dzielmysieusmiechem.pl\/en\/wp-json\/wp\/v2\/media?parent=1300"}],"wp:term":[{"taxonomy":"category","embeddable":true,"href":"https:\/\/dzielmysieusmiechem.pl\/en\/wp-json\/wp\/v2\/categories?post=1300"},{"taxonomy":"post_tag","embeddable":true,"href":"https:\/\/dzielmysieusmiechem.pl\/en\/wp-json\/wp\/v2\/tags?post=1300"}],"curies":[{"name":"wp","href":"https:\/\/api.w.org\/{rel}","templated":true}]}}