{"id":1340,"date":"2022-12-08T17:09:14","date_gmt":"2022-12-08T16:09:14","guid":{"rendered":"https:\/\/dzielmysieusmiechem.pl\/?post_type=ak_aktualnosc&#038;p=1340"},"modified":"2024-06-27T08:57:01","modified_gmt":"2024-06-27T06:57:01","slug":"wspieramy-reprezentacje-polski-nieslyszacych-w-pilce-noznej","status":"publish","type":"post","link":"https:\/\/dzielmysieusmiechem.pl\/en\/aktualnosci\/wspieramy-reprezentacje-polski-nieslyszacych-w-pilce-noznej\/","title":{"rendered":"WE SUPPORT the Polish National Deaf Football Team"},"content":{"rendered":"<div class=\"x11i5rnm xat24cr x1mh8g0r x1vvkbs xdj266r x126k92a\">\n<div dir=\"auto\">Jest nam niezmiernie mi\u0142o, \u017ce do grona naszych Przyjaci\u00f3\u0142 opr\u00f3cz <a class=\"x1i10hfl xjbqb8w x6umtig x1b1mbwd xaqea5y xav7gou x9f619 x1ypdohk xt0psk2 xe8uvvx xdj266r x11i5rnm xat24cr x1mh8g0r xexx8yu x4uap5 x18d9i69 xkhd6sd x16tdsg8 x1hl2dhg xggy1nq x1a2a7pz xt0b8zv x1qq9wsj xo1l8bm\" tabindex=\"0\" role=\"link\" href=\"https:\/\/www.facebook.com\/AmpFutbolPolska?__cft__[0]=AZVI711SBXYxGwaataVFW0RDrxZUvueg3XZ9ugD63ZTpMPZDygprInk_fw-wB7EvtNmnCbVpY6SdPMSjw4U0dUXr0yiPtT7qknxbl022LGTMC-j7WFQpeVgFHOe9sZN7m4vIcXO4Hof0UMf3kNeBQs5LRQuEoKmUorwz3E0duPOpBaeYZviFCRnlXBNqfVzVktf6V2-Udn5JbtfVMmxGYPRz&amp;__tn__=-]K-R\"><span class=\"xt0psk2\">Amp Futbol Polska<\/span><\/a> oraz <a class=\"x1i10hfl xjbqb8w x6umtig x1b1mbwd xaqea5y xav7gou x9f619 x1ypdohk xt0psk2 xe8uvvx xdj266r x11i5rnm xat24cr x1mh8g0r xexx8yu x4uap5 x18d9i69 xkhd6sd x16tdsg8 x1hl2dhg xggy1nq x1a2a7pz xt0b8zv x1qq9wsj xo1l8bm\" tabindex=\"0\" role=\"link\" href=\"https:\/\/www.facebook.com\/tzsnstart?__cft__[0]=AZVI711SBXYxGwaataVFW0RDrxZUvueg3XZ9ugD63ZTpMPZDygprInk_fw-wB7EvtNmnCbVpY6SdPMSjw4U0dUXr0yiPtT7qknxbl022LGTMC-j7WFQpeVgFHOe9sZN7m4vIcXO4Hof0UMf3kNeBQs5LRQuEoKmUorwz3E0duPOpBaeYZviFCRnlXBNqfVzVktf6V2-Udn5JbtfVMmxGYPRz&amp;__tn__=-]K-R\"><span class=\"xt0psk2\">START Tarn\u00f3w Tarnowskie Zrzeszenie Sportowe Niepe\u0142nosprawnych<\/span><\/a> do\u0142\u0105czy\u0142a r\u00f3wnie\u017c <a class=\"x1i10hfl xjbqb8w x6umtig x1b1mbwd xaqea5y xav7gou x9f619 x1ypdohk xt0psk2 xe8uvvx xdj266r x11i5rnm xat24cr x1mh8g0r xexx8yu x4uap5 x18d9i69 xkhd6sd x16tdsg8 x1hl2dhg xggy1nq x1a2a7pz xt0b8zv x1qq9wsj xo1l8bm\" tabindex=\"0\" role=\"link\" href=\"https:\/\/www.facebook.com\/deafpolandfootball\/?__cft__[0]=AZVI711SBXYxGwaataVFW0RDrxZUvueg3XZ9ugD63ZTpMPZDygprInk_fw-wB7EvtNmnCbVpY6SdPMSjw4U0dUXr0yiPtT7qknxbl022LGTMC-j7WFQpeVgFHOe9sZN7m4vIcXO4Hof0UMf3kNeBQs5LRQuEoKmUorwz3E0duPOpBaeYZviFCRnlXBNqfVzVktf6V2-Udn5JbtfVMmxGYPRz&amp;__tn__=kK-R\"><span class=\"xt0psk2\">Reprezentacja Polski Nies\u0142ysz\u0105cych w Pi\u0142ce No\u017cnej<\/span><\/a> <span class=\"x3nfvp2 x1j61x8r x1fcty0u xdj266r xhhsvwb xat24cr xgzva0m xxymvpz xlup9mm x1kky2od\"><img loading=\"lazy\" decoding=\"async\" src=\"https:\/\/static.xx.fbcdn.net\/images\/emoji.php\/v9\/t1e\/2\/16\/1f60a.png\" alt=\"\ud83d\ude0a\" width=\"16\" height=\"16\" \/><\/span><\/div>\n<\/div>\n<div class=\"x11i5rnm xat24cr x1mh8g0r x1vvkbs xtlvy1s x126k92a\">\n<div dir=\"auto\"><span class=\"x3nfvp2 x1j61x8r x1fcty0u xdj266r xhhsvwb xat24cr xgzva0m xxymvpz xlup9mm x1kky2od\"><img loading=\"lazy\" decoding=\"async\" src=\"https:\/\/static.xx.fbcdn.net\/images\/emoji.php\/v9\/tb\/2\/16\/1f499.png\" alt=\"\ud83d\udc99\" width=\"16\" height=\"16\" \/><\/span>Nasza Fundacja wspar\u0142a Reprezentacj\u0119 podczas wyjazdu na Mistrzostwa Europy futsalu w Montesilvano. <span class=\"x3nfvp2 x1j61x8r x1fcty0u xdj266r xhhsvwb xat24cr xgzva0m xxymvpz xlup9mm x1kky2od\"><img loading=\"lazy\" decoding=\"async\" src=\"https:\/\/static.xx.fbcdn.net\/images\/emoji.php\/v9\/t30\/2\/16\/26bd.png\" alt=\"\u26bd\ufe0f\" width=\"16\" height=\"16\" \/><\/span><\/div>\n<\/div>\n<div class=\"x11i5rnm xat24cr x1mh8g0r x1vvkbs xtlvy1s x126k92a\">\n<div dir=\"auto\">JESTE\u015aMY Z WAMI !<\/div>\n<\/div>","protected":false},"excerpt":{"rendered":"<p>Jest nam niezmiernie mi\u0142o, \u017ce do grona naszych Przyjaci\u00f3\u0142 opr\u00f3cz Amp Futbol Polska oraz START Tarn\u00f3w Tarnowskie Zrzeszenie Sportowe Niepe\u0142nosprawnych do\u0142\u0105czy\u0142a r\u00f3wnie\u017c Reprezentacja Polski Nies\u0142ysz\u0105cych w Pi\u0142ce No\u017cnej Nasza Fundacja wspar\u0142a Reprezentacj\u0119 podczas wyjazdu na Mistrzostwa Europy futsalu w Montesilvano. JESTE\u015aMY Z WAMI ! [&#8230;]<\/p>\n<p><a class=\"btn btn-secondary understrap-read-more-link\" href=\"https:\/\/dzielmysieusmiechem.pl\/en\/aktualnosci\/wspieramy-reprezentacje-polski-nieslyszacych-w-pilce-noznej\/\">Read More&#8230;<span class=\"screen-reader-text\"> from WSPIERAMY Reprezentacj\u0119 Polski Nies\u0142ysz\u0105cych w Pi\u0142ce No\u017cnej<\/span><\/a><\/p>","protected":false},"author":1,"featured_media":1341,"comment_status":"closed","ping_status":"closed","sticky":false,"template":"","format":"standard","meta":{"footnotes":""},"categories":[8],"tags":[],"class_list":["post-1340","post","type-post","status-publish","format-standard","has-post-thumbnail","hentry","category-aktualnosci"],"acf":[],"aioseo_notices":[],"_links":{"self":[{"href":"https:\/\/dzielmysieusmiechem.pl\/en\/wp-json\/wp\/v2\/posts\/1340","targetHints":{"allow":["GET"]}}],"collection":[{"href":"https:\/\/dzielmysieusmiechem.pl\/en\/wp-json\/wp\/v2\/posts"}],"about":[{"href":"https:\/\/dzielmysieusmiechem.pl\/en\/wp-json\/wp\/v2\/types\/post"}],"author":[{"embeddable":true,"href":"https:\/\/dzielmysieusmiechem.pl\/en\/wp-json\/wp\/v2\/users\/1"}],"replies":[{"embeddable":true,"href":"https:\/\/dzielmysieusmiechem.pl\/en\/wp-json\/wp\/v2\/comments?post=1340"}],"version-history":[{"count":1,"href":"https:\/\/dzielmysieusmiechem.pl\/en\/wp-json\/wp\/v2\/posts\/1340\/revisions"}],"predecessor-version":[{"id":2522,"href":"https:\/\/dzielmysieusmiechem.pl\/en\/wp-json\/wp\/v2\/posts\/1340\/revisions\/2522"}],"wp:featuredmedia":[{"embeddable":true,"href":"https:\/\/dzielmysieusmiechem.pl\/en\/wp-json\/wp\/v2\/media\/1341"}],"wp:attachment":[{"href":"https:\/\/dzielmysieusmiechem.pl\/en\/wp-json\/wp\/v2\/media?parent=1340"}],"wp:term":[{"taxonomy":"category","embeddable":true,"href":"https:\/\/dzielmysieusmiechem.pl\/en\/wp-json\/wp\/v2\/categories?post=1340"},{"taxonomy":"post_tag","embeddable":true,"href":"https:\/\/dzielmysieusmiechem.pl\/en\/wp-json\/wp\/v2\/tags?post=1340"}],"curies":[{"name":"wp","href":"https:\/\/api.w.org\/{rel}","templated":true}]}}