{"id":135,"date":"2021-02-17T00:06:25","date_gmt":"2021-02-16T23:06:25","guid":{"rendered":"https:\/\/dzielmysieusmiechem.pl\/?post_type=ak_aktualnosc&#038;p=135"},"modified":"2024-06-27T08:57:57","modified_gmt":"2024-06-27T06:57:57","slug":"wroce-jeszcze-mocniejszy","status":"publish","type":"post","link":"https:\/\/dzielmysieusmiechem.pl\/en\/aktualnosci\/wroce-jeszcze-mocniejszy\/","title":{"rendered":"I will come back even stronger!"},"content":{"rendered":"<p>Dwa lata temu zerwa\u0142 wi\u0119zad\u0142o krzy\u017cowe w lewym kolanie. <strong>Bartek Paj\u0105k<\/strong>, bo o nim mowa, wr\u00f3ci\u0142 do pi\u0142ki, niestety pech go nie opu\u015bci\u0142. Ponownie dozna\u0142 tej samej kontuzji. Kolejna operacja, b\u00f3l, cierpienie i niepewno\u015b\u0107 sportowego jutra. Zabieg rewizyjny kolana powi\u00f3d\u0142 si\u0119, teraz najwa\u017cniejsza jest rehabilitacja.<\/p>\n<p>Fundacja op\u0142aci\u0142a pi\u0142karzowi Radziszowianki Radzisz\u00f3w koszt miesi\u0119cznej rehabilitacji (ok. 5 000 z\u0142) w renomowanej \u0142\u00f3dzkiej klinice Orto Med Sport \u2013 <em>Z ca\u0142ego serca dzi\u0119kuj\u0119 Fundacji Dzielmy si\u0119 U\u015bmiechem im. Krystiana Popieli za wsparcie<\/em> \u2013 m\u00f3wi Bartek &#8211; <em>Robi\u0119 co w mojej mocy, by wr\u00f3ci\u0107 na boisko i realizowa\u0107 swoje cele. B\u0105d\u017acie pewni, wr\u00f3c\u0119 jeszcze mocniejszy<\/em>.<\/p>\n<h4>Bartku, wierzymy i kibicujemy Ci w Fundacji z ca\u0142ego serca!\u00a0\u2764\ufe0f\ud83d\udcaa \u26bd\ufe0f<\/h4>","protected":false},"excerpt":{"rendered":"<p>Dwa lata temu zerwa\u0142 wi\u0119zad\u0142o krzy\u017cowe w lewym kolanie. Bartek Paj\u0105k, bo o nim mowa, wr\u00f3ci\u0142 do pi\u0142ki, niestety pech go nie opu\u015bci\u0142. Ponownie dozna\u0142 tej samej kontuzji. Kolejna operacja, b\u00f3l, cierpienie i niepewno\u015b\u0107 sportowego jutra. Zabieg rewizyjny kolana powi\u00f3d\u0142 si\u0119, teraz najwa\u017cniejsza jest rehabilitacja. Fundacja op\u0142aci\u0142a pi\u0142karzowi Radziszowianki Radzisz\u00f3w koszt miesi\u0119cznej rehabilitacji (ok. 5 [&#8230;]<\/p>\n<p><a class=\"btn btn-secondary understrap-read-more-link\" href=\"https:\/\/dzielmysieusmiechem.pl\/en\/aktualnosci\/wroce-jeszcze-mocniejszy\/\">Read More&#8230;<span class=\"screen-reader-text\"> from Wr\u00f3c\u0119 jeszcze mocniejszy!<\/span><\/a><\/p>","protected":false},"author":1,"featured_media":502,"comment_status":"closed","ping_status":"closed","sticky":false,"template":"","format":"standard","meta":{"footnotes":""},"categories":[8],"tags":[],"class_list":["post-135","post","type-post","status-publish","format-standard","has-post-thumbnail","hentry","category-aktualnosci"],"acf":[],"aioseo_notices":[],"_links":{"self":[{"href":"https:\/\/dzielmysieusmiechem.pl\/en\/wp-json\/wp\/v2\/posts\/135","targetHints":{"allow":["GET"]}}],"collection":[{"href":"https:\/\/dzielmysieusmiechem.pl\/en\/wp-json\/wp\/v2\/posts"}],"about":[{"href":"https:\/\/dzielmysieusmiechem.pl\/en\/wp-json\/wp\/v2\/types\/post"}],"author":[{"embeddable":true,"href":"https:\/\/dzielmysieusmiechem.pl\/en\/wp-json\/wp\/v2\/users\/1"}],"replies":[{"embeddable":true,"href":"https:\/\/dzielmysieusmiechem.pl\/en\/wp-json\/wp\/v2\/comments?post=135"}],"version-history":[{"count":1,"href":"https:\/\/dzielmysieusmiechem.pl\/en\/wp-json\/wp\/v2\/posts\/135\/revisions"}],"predecessor-version":[{"id":2542,"href":"https:\/\/dzielmysieusmiechem.pl\/en\/wp-json\/wp\/v2\/posts\/135\/revisions\/2542"}],"wp:featuredmedia":[{"embeddable":true,"href":"https:\/\/dzielmysieusmiechem.pl\/en\/wp-json\/wp\/v2\/media\/502"}],"wp:attachment":[{"href":"https:\/\/dzielmysieusmiechem.pl\/en\/wp-json\/wp\/v2\/media?parent=135"}],"wp:term":[{"taxonomy":"category","embeddable":true,"href":"https:\/\/dzielmysieusmiechem.pl\/en\/wp-json\/wp\/v2\/categories?post=135"},{"taxonomy":"post_tag","embeddable":true,"href":"https:\/\/dzielmysieusmiechem.pl\/en\/wp-json\/wp\/v2\/tags?post=135"}],"curies":[{"name":"wp","href":"https:\/\/api.w.org\/{rel}","templated":true}]}}