{"id":1437,"date":"2023-02-13T20:33:29","date_gmt":"2023-02-13T19:33:29","guid":{"rendered":"https:\/\/dzielmysieusmiechem.pl\/?post_type=ak_aktualnosc&#038;p=1437"},"modified":"2024-06-27T08:57:00","modified_gmt":"2024-06-27T06:57:00","slug":"podsumowanie-dzialan-w-2022-roku","status":"publish","type":"post","link":"https:\/\/dzielmysieusmiechem.pl\/en\/aktualnosci\/podsumowanie-dzialan-w-2022-roku\/","title":{"rendered":"Summary of activities in 2022"},"content":{"rendered":"<p>W 2022 roku Fundacja wyda\u0142a na pomoc podopiecznym: \ud835\udfcf\ud835\udfd6\ud835\udfd7 \ud835\udfd4\ud835\udfd0\ud835\udfd5,\ud835\udfd0\ud835\udfd6 \ud835\udc19\u0141<\/p>\n<p>Ze \u015brodk\u00f3w przekazanych wydali\u015bmy na pomoc dla rodzin z Ukrainy: \ud835\udfcf\ud835\udfcf\ud835\udfd0 \ud835\udfd3\ud835\udfd4\ud835\udfd2, \ud835\udfd1\ud835\udfd5 \ud835\udc19\u0141<\/p>\n<p>By\u0142o to g\u0142\u00f3wnie finansowanie operacji, rehabilitacji, p\u0142acili\u015bmy za wy\u017cywienie dzieciom, kt\u00f3rych sytuacja finansowa jest bardzo ci\u0119\u017cka i niezb\u0119dny sprz\u0119t sportowy, zaoferowali\u015bmy stypendium, zakupili\u015bmy protez\u0119. Pomogli\u015bmy zar\u00f3wno osobom indywidualnym, jak i ca\u0142ym zespo\u0142om.<\/p>\n<p>Ze wzgl\u0119du na wojn\u0119, kt\u00f3ra toczy si\u0119 u naszych wschodnich s\u0105siad\u00f3w, wsparli\u015bmy potrzebuj\u0105cych z Ukrainy. Nie mogli\u015bmy przej\u015b\u0107 obok tej tragedii oboj\u0119tnie. Pomogli\u015bmy dru\u017cynie Dynamo Kij\u00f3w (rocznik 2008), kt\u00f3rym dzi\u0119ki Wam byli\u015bmy w stanie przekaza\u0107 \u015brodki na wy\u017cywienie i utrzymanie w Polsce. To dla nas by\u0142o bardzo wa\u017cne, aby Fundacja w obliczu barbarzy\u0144skiej agresji Rosjan i heroicznej postawy broni\u0105cej si\u0119 Ukrainy pomog\u0142a tym ludziom. Zaopiekowali\u015bmy si\u0119 m.in. 19 dzie\u0107mi i ich mamami, daj\u0105c im dach nad g\u0142ow\u0105 oraz wszystko, co jest niezb\u0119dne do \u017cycia codziennego.<\/p>\n<p>\u017byczymy wszystkich naszym podopiecznym aby zawsze w siebie wierzyli. By zrozumieli, \u017ce sport przynosi pi\u0119kne i niezapomniane chwile, ale tak\u017ce uczy pokory. Przychodz\u0105 ci\u0119\u017ckie kontuzje, pojawiaj\u0105 si\u0119 ludzkie dramaty. Ale zawsze trzeba walczy\u0107. Bo je\u015bli nie mo\u017cemy lata\u0107, biegnijmy. Je\u015bli nie mo\u017cemy biec, id\u017amy. Je\u015bli nie mo\u017cemy chodzi\u0107, czo\u0142gajmy si\u0119. Ale bez wzgl\u0119du na wszystko &#8211; posuwajmy si\u0119 naprz\u00f3d.<\/p>\n<p>Dzi\u0119kujemy z ca\u0142ego serca Wszystkim za wsparcie.<\/p>","protected":false},"excerpt":{"rendered":"<p>W 2022 roku Fundacja wyda\u0142a na pomoc podopiecznym: \ud835\udfcf\ud835\udfd6\ud835\udfd7 \ud835\udfd4\ud835\udfd0\ud835\udfd5,\ud835\udfd0\ud835\udfd6 \ud835\udc19\u0141 Ze \u015brodk\u00f3w przekazanych wydali\u015bmy na pomoc dla rodzin z Ukrainy: \ud835\udfcf\ud835\udfcf\ud835\udfd0 \ud835\udfd3\ud835\udfd4\ud835\udfd2, \ud835\udfd1\ud835\udfd5 \ud835\udc19\u0141 By\u0142o to g\u0142\u00f3wnie finansowanie operacji, rehabilitacji, p\u0142acili\u015bmy za wy\u017cywienie dzieciom, kt\u00f3rych sytuacja finansowa jest bardzo ci\u0119\u017cka i niezb\u0119dny sprz\u0119t sportowy, zaoferowali\u015bmy stypendium, zakupili\u015bmy protez\u0119. Pomogli\u015bmy zar\u00f3wno osobom indywidualnym, jak i [&#8230;]<\/p>\n<p><a class=\"btn btn-secondary understrap-read-more-link\" href=\"https:\/\/dzielmysieusmiechem.pl\/en\/aktualnosci\/podsumowanie-dzialan-w-2022-roku\/\">Read More&#8230;<span class=\"screen-reader-text\"> from Podsumowanie dzia\u0142a\u0144 w 2022 roku<\/span><\/a><\/p>","protected":false},"author":1,"featured_media":1438,"comment_status":"closed","ping_status":"closed","sticky":false,"template":"","format":"standard","meta":{"footnotes":""},"categories":[8],"tags":[],"class_list":["post-1437","post","type-post","status-publish","format-standard","has-post-thumbnail","hentry","category-aktualnosci"],"acf":[],"aioseo_notices":[],"_links":{"self":[{"href":"https:\/\/dzielmysieusmiechem.pl\/en\/wp-json\/wp\/v2\/posts\/1437","targetHints":{"allow":["GET"]}}],"collection":[{"href":"https:\/\/dzielmysieusmiechem.pl\/en\/wp-json\/wp\/v2\/posts"}],"about":[{"href":"https:\/\/dzielmysieusmiechem.pl\/en\/wp-json\/wp\/v2\/types\/post"}],"author":[{"embeddable":true,"href":"https:\/\/dzielmysieusmiechem.pl\/en\/wp-json\/wp\/v2\/users\/1"}],"replies":[{"embeddable":true,"href":"https:\/\/dzielmysieusmiechem.pl\/en\/wp-json\/wp\/v2\/comments?post=1437"}],"version-history":[{"count":1,"href":"https:\/\/dzielmysieusmiechem.pl\/en\/wp-json\/wp\/v2\/posts\/1437\/revisions"}],"predecessor-version":[{"id":2518,"href":"https:\/\/dzielmysieusmiechem.pl\/en\/wp-json\/wp\/v2\/posts\/1437\/revisions\/2518"}],"wp:featuredmedia":[{"embeddable":true,"href":"https:\/\/dzielmysieusmiechem.pl\/en\/wp-json\/wp\/v2\/media\/1438"}],"wp:attachment":[{"href":"https:\/\/dzielmysieusmiechem.pl\/en\/wp-json\/wp\/v2\/media?parent=1437"}],"wp:term":[{"taxonomy":"category","embeddable":true,"href":"https:\/\/dzielmysieusmiechem.pl\/en\/wp-json\/wp\/v2\/categories?post=1437"},{"taxonomy":"post_tag","embeddable":true,"href":"https:\/\/dzielmysieusmiechem.pl\/en\/wp-json\/wp\/v2\/tags?post=1437"}],"curies":[{"name":"wp","href":"https:\/\/api.w.org\/{rel}","templated":true}]}}