{"id":1439,"date":"2023-02-13T20:35:40","date_gmt":"2023-02-13T19:35:40","guid":{"rendered":"https:\/\/dzielmysieusmiechem.pl\/?post_type=ak_aktualnosc&#038;p=1439"},"modified":"2024-06-27T08:57:00","modified_gmt":"2024-06-27T06:57:00","slug":"bal-charytatywny-2023","status":"publish","type":"post","link":"https:\/\/dzielmysieusmiechem.pl\/en\/aktualnosci\/bal-charytatywny-2023\/","title":{"rendered":"CHARITY BALL 2023"},"content":{"rendered":"<p>W Tarnowie, po raz trzeci,\u00a0spotkali\u015bmy si\u0119 na Balu Charytatywnym Fundacji Dzielmy si\u0119 U\u015bmiechem<br \/>\nim. Krystiana Popieli, ludzie o wielkim sercu oraz osobowo\u015bci \u015bwiata sportu i<br \/>\nmedi\u00f3w. Podsumowali\u015bmy ostatni rok dzia\u0142ania, a tak\u017ce zebrali\u015bmy na pomoc sportowcom<br \/>\nkolejne \u015brodki, ponad 320\u00a0000 PLN.<br \/>\n&#8211; Ludzie z Fundacji wykonuj\u0105 fantastyczn\u0105 robot\u0119. Czasami w \u017cyciu jest tak, \u017ce<br \/>\npi\u0119kno rodzi si\u0119 z wielkiego b\u00f3lu i tragedii \u2013 powiedzia\u0142 Krzysztof Ignaczak \u2013 nasz<br \/>\nby\u0142y \u015bwietny siatkarz, reprezentant Polski w latach 1998\u20132017, mistrz \u015bwiata (2014)<br \/>\noraz mistrz Europy (2009), uczestnik Balu.<\/p>\n<p>Fundacja wspiera sportowc\u00f3w, kt\u00f3rzy nie mieli tyle szcz\u0119\u015bcia,<br \/>\nco my \u2013 powiedzia\u0142 Mariusz Czerkawski, przyjaciel Fundacji, jeden z<br \/>\nnajwybitniejszych polskich hokeist\u00f3w w historii, kt\u00f3ry przekaza\u0142 na licytacj\u0119 koszulk\u0119 Reprezentacji Polski w hokeju wraz z autografem.<\/p>\n<p>Fundacja pomaga tak\u017ce od lat sportowcom niepe\u0142nosprawnym, wspiera m.in.<br \/>\nreprezentacj\u0119 Polski Nies\u0142ysz\u0105cych w pi\u0142ce no\u017cnej, a tak\u017ce futbolow\u0105 reprezentacj\u0119<br \/>\nPolski w Amp futbolu. \u2013 Jeste\u015bmy wdzi\u0119czni Fundacji, \u017ce wspiera nas od lat. Dzi\u0119ki<br \/>\ntakim ludziom mo\u017cemy trenowa\u0107 i realizowa\u0107 nasze kolejne sportowe cele.<br \/>\nUdowadniaj\u0105 nam, \u017ce niemo\u017cliwe nie istnieje \u2013 m\u00f3wi\u0142 podczas Balu Bart\u0142omiej Tott<br \/>\n\u2013 cz\u0142onek Zarz\u0105du Tarnowskiego Zrzeszenia Sportowego Niepe\u0142nosprawnych Start.<\/p>\n<p>Podczas ostatniego tarnowskiego Balu licytowane by\u0142y m.in. pami\u0105tki przekazane<br \/>\nprzez Mariusza Czerkawskiego, Micha\u0142a Kwiatkowskiego, polskiego kolarskiego<br \/>\nmistrza \u015bwiata (2014), Grzegorza Lat\u0119 \u2013 legendarnego polskiego pi\u0142karza, czy<br \/>\nJerzego Dudka, jednego z najlepszych polskich bramkarzy w historii, kt\u00f3rego<br \/>\npami\u0105tki podczas licytacji zazwyczaj bi\u0142y rekordy \u2013 Jestem przekonany, \u017ce i tym<br \/>\nrazem koszulka z podpisami pi\u0142karzy Realu Madryt trafi w dobre r\u0119ce \u2013 m\u00f3wi\u0142 przed<br \/>\nBalem by\u0142y zawodnik Kr\u00f3lewskich.<br \/>\nSw\u00f3j pozytywny wk\u0142ad w Bal i licytacje mieli tak\u017ce tradycyjnie przyjaciel Fundacji<br \/>\nMicha\u0142 \u017bew\u0142akow &#8211; b. reprezentacyjny obro\u0144ca, cz\u0142onek Klubu Wybitnego<br \/>\nReprezentanta, obecnie komentator i ekspert Canal Plus, kt\u00f3ry obserwowa\u0142 przygod\u0119<br \/>\nz futbolem Krystiana m.in. podczas swojej gry w Olympiakosie Pireus, a tak\u017ce<br \/>\nGrzegorz Duda oraz Krzysztof Miru\u0107 \u2013 znane i cenione postacie \u015bwiata medi\u00f3w.<\/p>\n<p>Firmy kt\u00f3re r\u00f3wnie\u017c zaanga\u017cowa\u0142y si\u0119 w pomoc fundacji, dodaj\u0105c swoj\u0105 cegie\u0142k\u0119 to: OSHEE, Vins Castel Freres-Congo, Winem Wina i Alkohole, Nomar, Cutline Wear Factory, RMF FM, Bielenda, Agencja \u015alubna Miodunka, Fotografia Kasia Budzik, Fotografia Karolina \u017bmuda i wiele innych.<\/p>\n<p>&nbsp;<\/p>","protected":false},"excerpt":{"rendered":"<p>W Tarnowie, po raz trzeci,\u00a0spotkali\u015bmy si\u0119 na Balu Charytatywnym Fundacji Dzielmy si\u0119 U\u015bmiechem im. Krystiana Popieli, ludzie o wielkim sercu oraz osobowo\u015bci \u015bwiata sportu i medi\u00f3w. Podsumowali\u015bmy ostatni rok dzia\u0142ania, a tak\u017ce zebrali\u015bmy na pomoc sportowcom kolejne \u015brodki, ponad 320\u00a0000 PLN. &#8211; Ludzie z Fundacji wykonuj\u0105 fantastyczn\u0105 robot\u0119. Czasami w \u017cyciu jest tak, \u017ce pi\u0119kno [&#8230;]<\/p>\n<p><a class=\"btn btn-secondary understrap-read-more-link\" href=\"https:\/\/dzielmysieusmiechem.pl\/en\/aktualnosci\/bal-charytatywny-2023\/\">Read More&#8230;<span class=\"screen-reader-text\"> from BAL CHARYTATYWNY 2023<\/span><\/a><\/p>","protected":false},"author":1,"featured_media":1383,"comment_status":"closed","ping_status":"closed","sticky":false,"template":"","format":"standard","meta":{"footnotes":""},"categories":[8],"tags":[],"class_list":["post-1439","post","type-post","status-publish","format-standard","has-post-thumbnail","hentry","category-aktualnosci"],"acf":[],"aioseo_notices":[],"_links":{"self":[{"href":"https:\/\/dzielmysieusmiechem.pl\/en\/wp-json\/wp\/v2\/posts\/1439","targetHints":{"allow":["GET"]}}],"collection":[{"href":"https:\/\/dzielmysieusmiechem.pl\/en\/wp-json\/wp\/v2\/posts"}],"about":[{"href":"https:\/\/dzielmysieusmiechem.pl\/en\/wp-json\/wp\/v2\/types\/post"}],"author":[{"embeddable":true,"href":"https:\/\/dzielmysieusmiechem.pl\/en\/wp-json\/wp\/v2\/users\/1"}],"replies":[{"embeddable":true,"href":"https:\/\/dzielmysieusmiechem.pl\/en\/wp-json\/wp\/v2\/comments?post=1439"}],"version-history":[{"count":1,"href":"https:\/\/dzielmysieusmiechem.pl\/en\/wp-json\/wp\/v2\/posts\/1439\/revisions"}],"predecessor-version":[{"id":2517,"href":"https:\/\/dzielmysieusmiechem.pl\/en\/wp-json\/wp\/v2\/posts\/1439\/revisions\/2517"}],"wp:featuredmedia":[{"embeddable":true,"href":"https:\/\/dzielmysieusmiechem.pl\/en\/wp-json\/wp\/v2\/media\/1383"}],"wp:attachment":[{"href":"https:\/\/dzielmysieusmiechem.pl\/en\/wp-json\/wp\/v2\/media?parent=1439"}],"wp:term":[{"taxonomy":"category","embeddable":true,"href":"https:\/\/dzielmysieusmiechem.pl\/en\/wp-json\/wp\/v2\/categories?post=1439"},{"taxonomy":"post_tag","embeddable":true,"href":"https:\/\/dzielmysieusmiechem.pl\/en\/wp-json\/wp\/v2\/tags?post=1439"}],"curies":[{"name":"wp","href":"https:\/\/api.w.org\/{rel}","templated":true}]}}