{"id":165,"date":"2021-03-11T00:08:09","date_gmt":"2021-03-10T23:08:09","guid":{"rendered":"https:\/\/dzielmysieusmiechem.pl\/?post_type=ak_aktualnosc&#038;p=165"},"modified":"2024-06-27T08:57:57","modified_gmt":"2024-06-27T06:57:57","slug":"terazmogewiecej","status":"publish","type":"post","link":"https:\/\/dzielmysieusmiechem.pl\/en\/aktualnosci\/terazmogewiecej\/","title":{"rendered":"Now I can do more\u2026"},"content":{"rendered":"<p>Kamil Micha\u0142ek (rocznik 2002) to kolejny nasz podopieczny, kt\u00f3ry \u015bwietnie sobie radzi w sporcie, mimo, \u017ce nie ma \u0142atwo.<\/p>\n<p>Kamil jest wychowankiem Unii Tarn\u00f3w, obecnie gra w Rad\u0142ovii Rad\u0142\u00f3w. Jest reprezentantem Polski\u00a0 Nies\u0142ysz\u0105cych w pi\u0142ce no\u017cnej. Kamil ma wad\u0119 s\u0142uchu i mowy. Fundacja dofinansowa\u0142a mu zakup dw\u00f3ch aparat\u00f3w s\u0142uchowych, kt\u00f3re s\u0105 niezb\u0119dne do prawid\u0142owego rozwoju mowy, na kwot\u0119 niespe\u0142na 6\u00a0000 z\u0142.<\/p>\n<p>\u2013 <em>Z ca\u0142ego serca dzi\u0119kuj\u0119 Fundacji Dzielmy si\u0119 U\u015bmiechem im. Krystiana Popieli za pomoc. Dzi\u0119ki niej mog\u0119 du\u017co lepiej funkcjonowa\u0107 w sporcie, a tak\u017ce na co dzie\u0144, w \u017cyciu spo\u0142ecznym. Jestem w stanie tak\u017ce dzi\u0119ki tym aparatom w pe\u0142ni korzysta\u0107 z rehabilitacji<\/em> \u2013 m\u00f3wi Kamil.<\/p>\n<p><strong>Wszystkiego dobrego Kamilu \u2013 cieszymy si\u0119, \u017ce mogli\u015bmy pom\u00f3c.<\/strong><\/p>\n<h4>Rozwijaj swoje pasje sportowe i \u017cyciowe. Sukces\u00f3w w reprezentacji Polski! \u2764\ufe0f\ud83d\udcaa \u26bd\ufe0f<\/h4>","protected":false},"excerpt":{"rendered":"<p>Kamil Micha\u0142ek (rocznik 2002) to kolejny nasz podopieczny, kt\u00f3ry \u015bwietnie sobie radzi w sporcie, mimo, \u017ce nie ma \u0142atwo. Kamil jest wychowankiem Unii Tarn\u00f3w, obecnie gra w Rad\u0142ovii Rad\u0142\u00f3w. Jest reprezentantem Polski\u00a0 Nies\u0142ysz\u0105cych w pi\u0142ce no\u017cnej. Kamil ma wad\u0119 s\u0142uchu i mowy. Fundacja dofinansowa\u0142a mu zakup dw\u00f3ch aparat\u00f3w s\u0142uchowych, kt\u00f3re s\u0105 niezb\u0119dne do prawid\u0142owego rozwoju [&#8230;]<\/p>\n<p><a class=\"btn btn-secondary understrap-read-more-link\" href=\"https:\/\/dzielmysieusmiechem.pl\/en\/aktualnosci\/terazmogewiecej\/\">Read More&#8230;<span class=\"screen-reader-text\"> from Teraz mog\u0119 wi\u0119cej\u2026<\/span><\/a><\/p>","protected":false},"author":1,"featured_media":495,"comment_status":"closed","ping_status":"closed","sticky":false,"template":"","format":"standard","meta":{"footnotes":""},"categories":[8],"tags":[],"class_list":["post-165","post","type-post","status-publish","format-standard","has-post-thumbnail","hentry","category-aktualnosci"],"acf":[],"aioseo_notices":[],"_links":{"self":[{"href":"https:\/\/dzielmysieusmiechem.pl\/en\/wp-json\/wp\/v2\/posts\/165","targetHints":{"allow":["GET"]}}],"collection":[{"href":"https:\/\/dzielmysieusmiechem.pl\/en\/wp-json\/wp\/v2\/posts"}],"about":[{"href":"https:\/\/dzielmysieusmiechem.pl\/en\/wp-json\/wp\/v2\/types\/post"}],"author":[{"embeddable":true,"href":"https:\/\/dzielmysieusmiechem.pl\/en\/wp-json\/wp\/v2\/users\/1"}],"replies":[{"embeddable":true,"href":"https:\/\/dzielmysieusmiechem.pl\/en\/wp-json\/wp\/v2\/comments?post=165"}],"version-history":[{"count":1,"href":"https:\/\/dzielmysieusmiechem.pl\/en\/wp-json\/wp\/v2\/posts\/165\/revisions"}],"predecessor-version":[{"id":2541,"href":"https:\/\/dzielmysieusmiechem.pl\/en\/wp-json\/wp\/v2\/posts\/165\/revisions\/2541"}],"wp:featuredmedia":[{"embeddable":true,"href":"https:\/\/dzielmysieusmiechem.pl\/en\/wp-json\/wp\/v2\/media\/495"}],"wp:attachment":[{"href":"https:\/\/dzielmysieusmiechem.pl\/en\/wp-json\/wp\/v2\/media?parent=165"}],"wp:term":[{"taxonomy":"category","embeddable":true,"href":"https:\/\/dzielmysieusmiechem.pl\/en\/wp-json\/wp\/v2\/categories?post=165"},{"taxonomy":"post_tag","embeddable":true,"href":"https:\/\/dzielmysieusmiechem.pl\/en\/wp-json\/wp\/v2\/tags?post=165"}],"curies":[{"name":"wp","href":"https:\/\/api.w.org\/{rel}","templated":true}]}}