{"id":166,"date":"2021-01-02T09:08:42","date_gmt":"2021-01-02T08:08:42","guid":{"rendered":"https:\/\/dzielmysieusmiechem.pl\/?post_type=ak_aktualnosc&#038;p=166"},"modified":"2024-06-27T08:57:57","modified_gmt":"2024-06-27T06:57:57","slug":"robimy-swoje","status":"publish","type":"post","link":"https:\/\/dzielmysieusmiechem.pl\/en\/aktualnosci\/robimy-swoje\/","title":{"rendered":"We do our thing"},"content":{"rendered":"<p>KOCHANI \u2764\ufe0f \u2764\ufe0f \u2764\ufe0f! Covid\u201319 wszystkim nam daje si\u0119 we znaki. Mamy go ju\u017c serdecznie do\u015b\u0107. Ale walczymy. Nie pr\u00f3\u017cnujemy. Nie poddajemy si\u0119. Robimy swoje. Tacy jeste\u015bmy. Jak Krystian. Tego nauczy\u0142 nas SPORT.<\/p>\n<p>Nawet je\u015bli jest troch\u0119 ciszej o nas ostatnio, to z powodu sytuacji epidemiologicznej, a nie dlatego, \u017ce zapomnieli\u015bmy o Was. Cieszymy si\u0119, \u017ce uda\u0142o si\u0119 nam pom\u00f3c kolejnym podopiecznym, p\u0142aczemy z rado\u015bci widz\u0105c osoby wracaj\u0105ce do zdrowia razem z nasz\u0105 Fundacj\u0105. Wiemy, \u017ce b\u0119d\u0105 kolejne, pracujemy nad tym. <strong>Zg\u0142aszajcie nam pomys\u0142y, komu nale\u017cy pom\u00f3c w nast\u0119pnej kolejno\u015bci.<\/strong> Nad wszystkimi pochylimy si\u0119, z trosk\u0105 i uwag\u0105. Je\u015bli b\u0119dziemy w stanie pom\u00f3c, zrobimy to!<\/p>\n<p><strong>\u017ba\u0142ujemy, \u017ce nie uda si\u0119 nam teraz zorganizowa\u0107 naszego Balu Charytatywnego.<\/strong> W normalnych czasach byliby\u015bmy w styczniu w wirze ostatnich przygotowa\u0144. Niestety, obecnie, nie jest to mo\u017cliwe. Ze wzgl\u0119du na obostrzenia, nie mo\u017cemy odpowiedzialnie zorganizowa\u0107 Balu w tym momencie. Nie b\u0119dziemy nikogo nara\u017ca\u0107, nie chcemy te\u017c wymy\u015bla\u0107 zast\u0119pczych form organizacyjnych, bo one nigdy nie pozwol\u0105 nam nawet zbli\u017cy\u0107 si\u0119 do atmosfery prawdziwego \u015bwi\u0119ta, jaka towarzyszy\u0142a nam w pierwszych dw\u00f3ch edycjach Balu. Obiecujemy jednak solennie, \u017ce jak tylko to b\u0119dzie mo\u017cliwe, zrobimy Bal, jakiego jeszcze nie by\u0142o. Zas\u0142ugujecie na to WY i idea, na rzecz kt\u00f3rej wsp\u00f3lnie dzia\u0142amy ju\u017c od jakiego\u015b czasu.<\/p>\n<p>Tymczasem, dbajcie o siebie. Nawet w tym trudnym czasie uprawiajcie sport, w formach, kt\u00f3re s\u0105 mo\u017cliwe. Wierzymy g\u0142\u0119boko, \u017ce damy wszyscy rad\u0119. To trudny czas, ale on wkr\u00f3tce si\u0119 sko\u0144czy. Pami\u0119tajcie. \u2026Jeszcze b\u0119dzie przepi\u0119knie\u2026 Jeszcze b\u0119dzie normalnie.<\/p>\n<p>&nbsp;<\/p>","protected":false},"excerpt":{"rendered":"<p>KOCHANI \u2764\ufe0f \u2764\ufe0f \u2764\ufe0f! Covid\u201319 wszystkim nam daje si\u0119 we znaki. Mamy go ju\u017c serdecznie do\u015b\u0107. Ale walczymy. Nie pr\u00f3\u017cnujemy. Nie poddajemy si\u0119. Robimy swoje. Tacy jeste\u015bmy. Jak Krystian. Tego nauczy\u0142 nas SPORT. Nawet je\u015bli jest troch\u0119 ciszej o nas ostatnio, to z powodu sytuacji epidemiologicznej, a nie dlatego, \u017ce zapomnieli\u015bmy o Was. Cieszymy si\u0119, [&#8230;]<\/p>\n<p><a class=\"btn btn-secondary understrap-read-more-link\" href=\"https:\/\/dzielmysieusmiechem.pl\/en\/aktualnosci\/robimy-swoje\/\">Read More&#8230;<span class=\"screen-reader-text\"> from Robimy swoje<\/span><\/a><\/p>","protected":false},"author":1,"featured_media":319,"comment_status":"closed","ping_status":"closed","sticky":false,"template":"","format":"standard","meta":{"footnotes":""},"categories":[8],"tags":[],"class_list":["post-166","post","type-post","status-publish","format-standard","has-post-thumbnail","hentry","category-aktualnosci"],"acf":[],"aioseo_notices":[],"_links":{"self":[{"href":"https:\/\/dzielmysieusmiechem.pl\/en\/wp-json\/wp\/v2\/posts\/166","targetHints":{"allow":["GET"]}}],"collection":[{"href":"https:\/\/dzielmysieusmiechem.pl\/en\/wp-json\/wp\/v2\/posts"}],"about":[{"href":"https:\/\/dzielmysieusmiechem.pl\/en\/wp-json\/wp\/v2\/types\/post"}],"author":[{"embeddable":true,"href":"https:\/\/dzielmysieusmiechem.pl\/en\/wp-json\/wp\/v2\/users\/1"}],"replies":[{"embeddable":true,"href":"https:\/\/dzielmysieusmiechem.pl\/en\/wp-json\/wp\/v2\/comments?post=166"}],"version-history":[{"count":1,"href":"https:\/\/dzielmysieusmiechem.pl\/en\/wp-json\/wp\/v2\/posts\/166\/revisions"}],"predecessor-version":[{"id":2543,"href":"https:\/\/dzielmysieusmiechem.pl\/en\/wp-json\/wp\/v2\/posts\/166\/revisions\/2543"}],"wp:featuredmedia":[{"embeddable":true,"href":"https:\/\/dzielmysieusmiechem.pl\/en\/wp-json\/wp\/v2\/media\/319"}],"wp:attachment":[{"href":"https:\/\/dzielmysieusmiechem.pl\/en\/wp-json\/wp\/v2\/media?parent=166"}],"wp:term":[{"taxonomy":"category","embeddable":true,"href":"https:\/\/dzielmysieusmiechem.pl\/en\/wp-json\/wp\/v2\/categories?post=166"},{"taxonomy":"post_tag","embeddable":true,"href":"https:\/\/dzielmysieusmiechem.pl\/en\/wp-json\/wp\/v2\/tags?post=166"}],"curies":[{"name":"wp","href":"https:\/\/api.w.org\/{rel}","templated":true}]}}