{"id":2393,"date":"2024-04-13T11:44:23","date_gmt":"2024-04-13T09:44:23","guid":{"rendered":"https:\/\/dzielmysieusmiechem.pl\/?post_type=ak_aktualnosc&#038;p=2393"},"modified":"2024-06-27T08:57:00","modified_gmt":"2024-06-27T06:57:00","slug":"mis-popis-maskotka-fundacji","status":"publish","type":"post","link":"https:\/\/dzielmysieusmiechem.pl\/en\/aktualnosci\/mis-popis-maskotka-fundacji\/","title":{"rendered":"MI\u015a POPI\u015a, MASKOTKA FUNDACJI"},"content":{"rendered":"<p>\ud835\udc0c\ud835\udc1a\ud835\udc26\ud835\udc32 \ud835\udc28\ud835\udc20\ud835\udc2b\ud835\udc28\ud835\udc26\ud835\udc27\ud835\udc1a\u0328 \ud835\udc2b\ud835\udc1a\ud835\udc1d\ud835\udc28\ud835\udc2c\u0301\ud835\udc1c\u0301 \ud835\udc22 \ud835\udc29\ud835\udc2b\ud835\udc33\ud835\udc32\ud835\udc23\ud835\udc1e\ud835\udc26\ud835\udc27\ud835\udc28\ud835\udc2c\u0301\ud835\udc1c\u0301 \ud835\udc29\ud835\udc2b\ud835\udc33\ud835\udc1e\ud835\udc1d\ud835\udc2c\ud835\udc2d\ud835\udc1a\ud835\udc30\ud835\udc22\ud835\udc1c\u0301 \ud835\udc16\ud835\udc1a\ud835\udc26 \ud835\udc27\ud835\udc1a\ud835\udc2c\ud835\udc33\ud835\udc1e\ud835\udc20\ud835\udc28 \ud835\udc27\ud835\udc28\ud835\udc30\ud835\udc1e\ud835\udc20\ud835\udc28 \ud835\udc29\ud835\udc2b\ud835\udc33\ud835\udc32\ud835\udc23\ud835\udc1a\ud835\udc1c\ud835\udc22\ud835\udc1e\ud835\udc25\ud835\udc1a &#8211; \ud835\udc29\ud835\udc25\ud835\udc2e\ud835\udc2c\ud835\udc33\ud835\udc28\ud835\udc30\ud835\udc1e\ud835\udc20\ud835\udc28 \ud835\udc0c\ud835\udc22\ud835\udc2c\ud835\udc22\ud835\udc1a\ud835\udc1c\ud835\udc33\ud835\udc24\ud835\udc1a Fundacji Dzielmy si\u0119 U\u015bmiechem im. Krystiana Popieli o imieniu &#8222;\ud835\udc0f\ud835\udc0e\ud835\udc0f\ud835\udc08\ud835\udc12\u0301&#8221;!<br \/>\n&#8211; je\u015bli mo\u017cesz przedstaw mnie znajomym udost\u0119pniaj\u0105c ten post<br \/>\nTen uroczy mi\u015b zosta\u0142 stworzony z sercem i w ca\u0142o\u015bci \ud835\udc30\ud835\udc32\ud835\udc24\ud835\udc28\ud835\udc27\ud835\udc1a\ud835\udc27\ud835\udc32 \ud835\udc2b\ud835\udc1e\u0328\ud835\udc1c\ud835\udc33\ud835\udc27\ud835\udc22\ud835\udc1e, aby sprawi\u0107 u\u015bmiech na twarzach zar\u00f3wno ma\u0142ych, jak i du\u017cych.<br \/>\nPopi\u015b to to symbol<br \/>\n\ud835\udc11\ud835\udc00\ud835\udc03\ud835\udc0e\ud835\udc12\u0301\ud835\udc02\ud835\udc08<br \/>\n\ud835\udc0d\ud835\udc00\ud835\udc03\ud835\udc19\ud835\udc08\ud835\udc04\ud835\udc08<br \/>\n\ud835\udc16\ud835\udc12\ud835\udc0f\ud835\udc00\ud835\udc11\ud835\udc02\ud835\udc08\ud835\udc00 dla wszystkich tych, kt\u00f3rzy go potrzebuj\u0105.<br \/>\nNasz mi\u015b zosta\u0142 stworzony z my\u015bl\u0105 o tym, aby towarzyszy\u0107 w trudnych chwilach i przypomina\u0107, \u017ce zawsze istnieje pow\u00f3d do u\u015bmiechu.<br \/>\nAle to jeszcze nie koniec dobrych wie\u015bci! Ju\u017c niebawem b\u0119dziecie mieli mo\u017cliwo\u015b\u0107 zakupu Misia Popisia i tym samym wspierania m\u0142odych sportowc\u00f3w w ich powrocie do zdrowia. Ka\u017cdy zakup misia b\u0119dzie stanowi\u0142 wk\u0142ad w nasze dzia\u0142ania na rzecz wsparcia tych niezwyk\u0142ych m\u0142odych ludzi.<br \/>\nB\u0105d\u017acie czujni! Wkr\u00f3tce podamy wi\u0119cej szczeg\u00f3\u0142\u00f3w na temat dost\u0119pno\u015bci Popisia. Dzi\u0119kujemy, \u017ce jeste\u015bcie z nami w tej wspania\u0142ej podr\u00f3\u017cy pe\u0142nej u\u015bmiechu i dobroci!<\/p>","protected":false},"excerpt":{"rendered":"<p>\ud835\udc0c\ud835\udc1a\ud835\udc26\ud835\udc32 \ud835\udc28\ud835\udc20\ud835\udc2b\ud835\udc28\ud835\udc26\ud835\udc27\ud835\udc1a\u0328 \ud835\udc2b\ud835\udc1a\ud835\udc1d\ud835\udc28\ud835\udc2c\u0301\ud835\udc1c\u0301 \ud835\udc22 \ud835\udc29\ud835\udc2b\ud835\udc33\ud835\udc32\ud835\udc23\ud835\udc1e\ud835\udc26\ud835\udc27\ud835\udc28\ud835\udc2c\u0301\ud835\udc1c\u0301 \ud835\udc29\ud835\udc2b\ud835\udc33\ud835\udc1e\ud835\udc1d\ud835\udc2c\ud835\udc2d\ud835\udc1a\ud835\udc30\ud835\udc22\ud835\udc1c\u0301 \ud835\udc16\ud835\udc1a\ud835\udc26 \ud835\udc27\ud835\udc1a\ud835\udc2c\ud835\udc33\ud835\udc1e\ud835\udc20\ud835\udc28 \ud835\udc27\ud835\udc28\ud835\udc30\ud835\udc1e\ud835\udc20\ud835\udc28 \ud835\udc29\ud835\udc2b\ud835\udc33\ud835\udc32\ud835\udc23\ud835\udc1a\ud835\udc1c\ud835\udc22\ud835\udc1e\ud835\udc25\ud835\udc1a &#8211; \ud835\udc29\ud835\udc25\ud835\udc2e\ud835\udc2c\ud835\udc33\ud835\udc28\ud835\udc30\ud835\udc1e\ud835\udc20\ud835\udc28 \ud835\udc0c\ud835\udc22\ud835\udc2c\ud835\udc22\ud835\udc1a\ud835\udc1c\ud835\udc33\ud835\udc24\ud835\udc1a Fundacji Dzielmy si\u0119 U\u015bmiechem im. Krystiana Popieli o imieniu &#8222;\ud835\udc0f\ud835\udc0e\ud835\udc0f\ud835\udc08\ud835\udc12\u0301&#8221;! &#8211; je\u015bli mo\u017cesz przedstaw mnie znajomym udost\u0119pniaj\u0105c ten post Ten uroczy mi\u015b zosta\u0142 stworzony z sercem i w ca\u0142o\u015bci \ud835\udc30\ud835\udc32\ud835\udc24\ud835\udc28\ud835\udc27\ud835\udc1a\ud835\udc27\ud835\udc32 \ud835\udc2b\ud835\udc1e\u0328\ud835\udc1c\ud835\udc33\ud835\udc27\ud835\udc22\ud835\udc1e, aby sprawi\u0107 u\u015bmiech na twarzach zar\u00f3wno ma\u0142ych, jak i du\u017cych. Popi\u015b [&#8230;]<\/p>\n<p><a class=\"btn btn-secondary understrap-read-more-link\" href=\"https:\/\/dzielmysieusmiechem.pl\/en\/aktualnosci\/mis-popis-maskotka-fundacji\/\">Read More&#8230;<span class=\"screen-reader-text\"> from MI\u015a POPI\u015a, MASKOTKA FUNDACJI<\/span><\/a><\/p>","protected":false},"author":3,"featured_media":2394,"comment_status":"closed","ping_status":"closed","sticky":false,"template":"","format":"standard","meta":{"footnotes":""},"categories":[8],"tags":[],"class_list":["post-2393","post","type-post","status-publish","format-standard","has-post-thumbnail","hentry","category-aktualnosci"],"acf":[],"aioseo_notices":[],"_links":{"self":[{"href":"https:\/\/dzielmysieusmiechem.pl\/en\/wp-json\/wp\/v2\/posts\/2393","targetHints":{"allow":["GET"]}}],"collection":[{"href":"https:\/\/dzielmysieusmiechem.pl\/en\/wp-json\/wp\/v2\/posts"}],"about":[{"href":"https:\/\/dzielmysieusmiechem.pl\/en\/wp-json\/wp\/v2\/types\/post"}],"author":[{"embeddable":true,"href":"https:\/\/dzielmysieusmiechem.pl\/en\/wp-json\/wp\/v2\/users\/3"}],"replies":[{"embeddable":true,"href":"https:\/\/dzielmysieusmiechem.pl\/en\/wp-json\/wp\/v2\/comments?post=2393"}],"version-history":[{"count":2,"href":"https:\/\/dzielmysieusmiechem.pl\/en\/wp-json\/wp\/v2\/posts\/2393\/revisions"}],"predecessor-version":[{"id":2508,"href":"https:\/\/dzielmysieusmiechem.pl\/en\/wp-json\/wp\/v2\/posts\/2393\/revisions\/2508"}],"wp:featuredmedia":[{"embeddable":true,"href":"https:\/\/dzielmysieusmiechem.pl\/en\/wp-json\/wp\/v2\/media\/2394"}],"wp:attachment":[{"href":"https:\/\/dzielmysieusmiechem.pl\/en\/wp-json\/wp\/v2\/media?parent=2393"}],"wp:term":[{"taxonomy":"category","embeddable":true,"href":"https:\/\/dzielmysieusmiechem.pl\/en\/wp-json\/wp\/v2\/categories?post=2393"},{"taxonomy":"post_tag","embeddable":true,"href":"https:\/\/dzielmysieusmiechem.pl\/en\/wp-json\/wp\/v2\/tags?post=2393"}],"curies":[{"name":"wp","href":"https:\/\/api.w.org\/{rel}","templated":true}]}}