{"id":2757,"date":"2024-08-08T15:56:13","date_gmt":"2024-08-08T13:56:13","guid":{"rendered":"https:\/\/dzielmysieusmiechem.pl\/?p=2757"},"modified":"2024-08-08T16:06:36","modified_gmt":"2024-08-08T14:06:36","slug":"iii-memorial-im-krystiana-popieli-2","status":"publish","type":"post","link":"https:\/\/dzielmysieusmiechem.pl\/en\/aktualnosci\/iii-memorial-im-krystiana-popieli-2\/","title":{"rendered":"WARTA III MEMORIA\u0141 IM KRYSTIANA POPIELI"},"content":{"rendered":"<p><\/p><p><img loading=\"lazy\" decoding=\"async\" height=\"16\" width=\"16\" src=\"https:\/\/static.xx.fbcdn.net\/images\/emoji.php\/v9\/t30\/2\/16\/26bd.png\" alt=\"\u26bd\ufe0f\"> \ud835\udc16\ud835\udc00\ud835\udc11\ud835\udc13\ud835\udc00 \ud835\udc08\ud835\udc08\ud835\udc08 \ud835\udc0c\ud835\udc04\ud835\udc0c\ud835\udc0e\ud835\udc11\ud835\udc08\ud835\udc00\u0141 \ud835\udc08\ud835\udc0c \ud835\udc0a\ud835\udc11\ud835\udc18\ud835\udc12\ud835\udc13\ud835\udc08\ud835\udc00\ud835\udc0d\ud835\udc00 \ud835\udc0f\ud835\udc0e\ud835\udc0f\ud835\udc08\ud835\udc04\ud835\udc0b\ud835\udc08 \u2013 Turniej M\u0142odych Talent\u00f3w ! <\/p><p>Ju\u017c \ud835\udfd5 \ud835\udc22 \ud835\udfd6 \ud835\udc30\ud835\udc2b\ud835\udc33\ud835\udc1e\ud835\udc2c\u0301\ud835\udc27\ud835\udc22\ud835\udc1a \ud835\udfd0\ud835\udfce\ud835\udfd0\ud835\udfd2 \ud835\udc2b\ud835\udc28\ud835\udc24\ud835\udc2e<\/p><p><img loading=\"lazy\" decoding=\"async\" height=\"16\" width=\"16\" src=\"https:\/\/static.xx.fbcdn.net\/images\/emoji.php\/v9\/tcc\/2\/16\/1f4cd.png\" alt=\"\ud83d\udccd\">Krak\u00f3w ulica Parkowej 12A, \ud835\udc0a\ud835\udc0b\ud835\udc14\ud835\udc01 \ud835\udc12\ud835\udc0f\ud835\udc0e\ud835\udc11\ud835\udc13\ud835\udc0e\ud835\udc16\ud835\udc18 \ud835\udc0a\ud835\udc00\ud835\udc01\ud835\udc04\ud835\udc0b \ud835\udc0a\ud835\udc11\ud835\udc00\ud835\udc0a\ud835\udc0e\u0301\ud835\udc16, odb\u0119dzie si\u0119 III Memoria\u0142 im. Krystiana Popieli.<\/p><p>Memoria\u0142 nosi szczeg\u00f3ln\u0105 nazw\u0119, poniewa\u017c po\u015bwi\u0119cony jest Krystianowi Popieli \u2013 m\u0142odemu, utalentowanemu pi\u0142karzowi, kt\u00f3ry swoj\u0105 pasj\u0105 i optymizmem inspirowa\u0142 wszystkich wok\u00f3\u0142.<\/p><p><a><\/a>Krystian by\u0142 przyk\u0142adem determinacji i mi\u0142o\u015bci do sportu. Cho\u0107 jego \u017cycie zosta\u0142o tragicznie przerwane, jego duch i pasja wci\u0105\u017c \u017cyj\u0105 w naszych sercach.<\/p><p>\ud835\udc12\ud835\udc29\ud835\udc28\ud835\udc27\ud835\udc2c\ud835\udc28\ud835\udc2b\ud835\udc1e\ud835\udc26 \ud835\udc2d\ud835\udc32\ud835\udc2d\ud835\udc2e\ud835\udc25\ud835\udc1a\ud835\udc2b\ud835\udc27\ud835\udc32\ud835\udc26 \ud835\udc0c\ud835\udc1e\ud835\udc26\ud835\udc28\ud835\udc2b\ud835\udc22\ud835\udc1a\u0142\ud835\udc2e \ud835\udc23\ud835\udc1e\ud835\udc2c\ud835\udc2d \ud835\udc1f\ud835\udc22\ud835\udc2b\ud835\udc26\ud835\udc1a \ud835\udc16\ud835\udc1a\ud835\udc2b\ud835\udc2d\ud835\udc1a \ud835\udc14\ud835\udc1b\ud835\udc1e\ud835\udc33\ud835\udc29\ud835\udc22\ud835\udc1e\ud835\udc1c\ud835\udc33\ud835\udc1e\ud835\udc27\ud835\udc22\ud835\udc1a.<\/p><p><img loading=\"lazy\" decoding=\"async\" height=\"16\" width=\"16\" alt=\"\u2705\" src=\"https:\/\/static.xx.fbcdn.net\/images\/emoji.php\/v9\/tb4\/2\/16\/2705.png\">Turniej zosta\u0142 obj\u0119ty honorowym patronatem Prezydenta Miasta Krakowa Aleksandra Miszalskiego.<\/p><p><img loading=\"lazy\" decoding=\"async\" height=\"16\" width=\"16\" alt=\"\u2705\" src=\"https:\/\/static.xx.fbcdn.net\/images\/emoji.php\/v9\/tb4\/2\/16\/2705.png\">Patronat Medialny \u2013 RMF MAXX, <a href=\"https:\/\/l.facebook.com\/l.php?u=http%3A%2F%2FKRAKOW.PL%2F%3Ffbclid%3DIwZXh0bgNhZW0CMTAAAR0WHmd7raJIRpqJGo8_mS8eADk8FC655z0T0SlBfLGJyJ4ksZxuEES6q1I_aem_IaOO3aVjuBfhex_pTdCEWg&amp;h=AT2OdqoBzH1tXUAop9b-beaNczo-8KZku1vdzXJH7LGZHLyCYK3VU8QMpOzRhNffVTNlpFapHpOUVkts8mXllMR0ZOV4WSMYV3WdnIcVU8mjAcRzOLksHScAekdjg0IIWwmwuFCutg&amp;__tn__=-UK-R&amp;c[0]=AT3soKgDCuHc_PgkaXfI9sIaJqBdud4IN8lNaR5k9wI2Sg0U-9Gn_9S4fCiuwVjD4lq_jqOKQAJB3XXyil9RlKY2EwhjKJjRo6SiMz2oPUJsiHvHFeRlhP0eqUzkreO-CexbMrlQRnleFbM9lzibYhIL4T5eV2wKz8RIkKavZK-FhZ1BlChpfoKt2SGHQAuVQGCqEF2yx5DVj91QbbCfDvnOkfaQFRRR-_E6\" rel=\"noreferrer noopener\" target=\"_blank\">KRAKOW.PL<\/a><\/p><p>Zapraszamy do \u015bledzenia naszych aktualno\u015bci oraz udzia\u0142u w emocjonuj\u0105cych zawodach! <img loading=\"lazy\" decoding=\"async\" height=\"16\" width=\"16\" alt=\"\ud83c\udf1f\" src=\"https:\/\/static.xx.fbcdn.net\/images\/emoji.php\/v9\/t7f\/2\/16\/1f31f.png\"><\/p><p><img loading=\"lazy\" decoding=\"async\" height=\"16\" width=\"16\" alt=\"\u2705\" src=\"https:\/\/static.xx.fbcdn.net\/images\/emoji.php\/v9\/tb4\/2\/16\/2705.png\">Partner Medyczny &#8211; LUX MED<\/p><p><img loading=\"lazy\" decoding=\"async\" height=\"16\" width=\"16\" alt=\"\u2705\" src=\"https:\/\/static.xx.fbcdn.net\/images\/emoji.php\/v9\/tb4\/2\/16\/2705.png\">Partner Techniczny &#8211; <a href=\"https:\/\/l.facebook.com\/l.php?u=http%3A%2F%2FR-GOL.com%2F%3Ffbclid%3DIwZXh0bgNhZW0CMTAAAR3a1Fn-KRtELzPfTQSnHTxYQpHguhvWzOHlEssG6ZhpXBuj5BfRf3tUFVw_aem_0nI4tLAju25nr1k3ZiUb7g&amp;h=AT0xU-bqLr2eskMnARa897RSyY1aLzI-ugAkMNztTTFDPwH9r93jmNTMTpRu6JGvAOW-WZ30oKuDnCEcq6UsIOBVOat9zX9bCdl0Hc07nVPQhmwgabQ9nXWAxoDkA_UlXvfql9Eu-g&amp;__tn__=-UK-R&amp;c[0]=AT3soKgDCuHc_PgkaXfI9sIaJqBdud4IN8lNaR5k9wI2Sg0U-9Gn_9S4fCiuwVjD4lq_jqOKQAJB3XXyil9RlKY2EwhjKJjRo6SiMz2oPUJsiHvHFeRlhP0eqUzkreO-CexbMrlQRnleFbM9lzibYhIL4T5eV2wKz8RIkKavZK-FhZ1BlChpfoKt2SGHQAuVQGCqEF2yx5DVj91QbbCfDvnOkfaQFRRR-_E6\" rel=\"noreferrer noopener\" target=\"_blank\">R-GOL.com<\/a><\/p><p>_______________________________________<\/p><p>Zapraszamy na III MOMORIA\u0141 im. Krystiana Popieli<\/p><p><img loading=\"lazy\" decoding=\"async\" height=\"16\" width=\"16\" alt=\"\u2705\" src=\"https:\/\/static.xx.fbcdn.net\/images\/emoji.php\/v9\/tb4\/2\/16\/2705.png\">\ud835\udfd5-\ud835\udfd6 \ud835\udc30\ud835\udc2b\ud835\udc33\ud835\udc1e\ud835\udc2c\u0301\ud835\udc27\ud835\udc22\ud835\udc1a \ud835\udfd0\ud835\udfce\ud835\udfd0\ud835\udfd2<\/p><p><img loading=\"lazy\" decoding=\"async\" height=\"16\" width=\"16\" alt=\"\ud83d\udccd\" src=\"https:\/\/static.xx.fbcdn.net\/images\/emoji.php\/v9\/tcc\/2\/16\/1f4cd.png\">Krak\u00f3w przy ul. Parkowej 12A<\/p><p>\ud835\udc0a\ud835\udc0b\ud835\udc14\ud835\udc01 \ud835\udc12\ud835\udc0f\ud835\udc0e\ud835\udc11\ud835\udc13\ud835\udc0e\ud835\udc16\ud835\udc18 \ud835\udc0a\ud835\udc00\ud835\udc01\ud835\udc04\ud835\udc0b \ud835\udc0a\ud835\udc11\ud835\udc00\ud835\udc0a\ud835\udc0e\u0301\ud835\udc16<\/p><p><a href=\"https:\/\/www.facebook.com\/hashtag\/memorialkrystianapopieli?__eep__=6&amp;__cft__[0]=AZWob98Xben-WGcZ_LCRCtk5nkzf7qaJszXBIrV8xa0-LkTV74Hmvik9lODtoXJYGBcMyppsTjBEyV-IKS0jC51gJb9QcL94nr7dEI_WD10Kcp80lN8PrN4_3xjgXO70kuPyDD2uegjoKLIRqOCKogSUCwOu8jFnXkm02qNJthuyyA7j9T0FjNo-vc--i1Hz0AxZfCAT7g8UHneXau4Lg27t&amp;__tn__=*NK-R\">#MemorialKrystianaPopieli<\/a><a href=\"https:\/\/www.facebook.com\/hashtag\/turniejmlodychtalentow?__eep__=6&amp;__cft__[0]=AZWob98Xben-WGcZ_LCRCtk5nkzf7qaJszXBIrV8xa0-LkTV74Hmvik9lODtoXJYGBcMyppsTjBEyV-IKS0jC51gJb9QcL94nr7dEI_WD10Kcp80lN8PrN4_3xjgXO70kuPyDD2uegjoKLIRqOCKogSUCwOu8jFnXkm02qNJthuyyA7j9T0FjNo-vc--i1Hz0AxZfCAT7g8UHneXau4Lg27t&amp;__tn__=*NK-R\">#TurniejMlodychTalentow<\/a><a href=\"https:\/\/www.facebook.com\/hashtag\/sportowemarzenia?__eep__=6&amp;__cft__[0]=AZWob98Xben-WGcZ_LCRCtk5nkzf7qaJszXBIrV8xa0-LkTV74Hmvik9lODtoXJYGBcMyppsTjBEyV-IKS0jC51gJb9QcL94nr7dEI_WD10Kcp80lN8PrN4_3xjgXO70kuPyDD2uegjoKLIRqOCKogSUCwOu8jFnXkm02qNJthuyyA7j9T0FjNo-vc--i1Hz0AxZfCAT7g8UHneXau4Lg27t&amp;__tn__=*NK-R\">#SportoweMarzenia<\/a><\/p><p><a href=\"https:\/\/www.facebook.com\/profile.php?id=100089383792709&amp;__cft__[0]=AZWob98Xben-WGcZ_LCRCtk5nkzf7qaJszXBIrV8xa0-LkTV74Hmvik9lODtoXJYGBcMyppsTjBEyV-IKS0jC51gJb9QcL94nr7dEI_WD10Kcp80lN8PrN4_3xjgXO70kuPyDD2uegjoKLIRqOCKogSUCwOu8jFnXkm02qNJthuyyA7j9T0FjNo-vc--i1Hz0AxZfCAT7g8UHneXau4Lg27t&amp;__tn__=-]K-R\">Warta<\/a><\/p><p>@<a href=\"https:\/\/www.facebook.com\/aleksander.miszalski?__cft__[0]=AZWob98Xben-WGcZ_LCRCtk5nkzf7qaJszXBIrV8xa0-LkTV74Hmvik9lODtoXJYGBcMyppsTjBEyV-IKS0jC51gJb9QcL94nr7dEI_WD10Kcp80lN8PrN4_3xjgXO70kuPyDD2uegjoKLIRqOCKogSUCwOu8jFnXkm02qNJthuyyA7j9T0FjNo-vc--i1Hz0AxZfCAT7g8UHneXau4Lg27t&amp;__tn__=-]K-R\">Aleksander Miszalski<\/a><\/p><p>@<a href=\"https:\/\/www.facebook.com\/profile.php?id=100072333882185&amp;__cft__[0]=AZWob98Xben-WGcZ_LCRCtk5nkzf7qaJszXBIrV8xa0-LkTV74Hmvik9lODtoXJYGBcMyppsTjBEyV-IKS0jC51gJb9QcL94nr7dEI_WD10Kcp80lN8PrN4_3xjgXO70kuPyDD2uegjoKLIRqOCKogSUCwOu8jFnXkm02qNJthuyyA7j9T0FjNo-vc--i1Hz0AxZfCAT7g8UHneXau4Lg27t&amp;__tn__=-]K-R\">Miasto Krak\u00f3w<\/a><\/p><p><a href=\"https:\/\/www.facebook.com\/MinisterstwoSportuiTurystyki?__cft__[0]=AZWob98Xben-WGcZ_LCRCtk5nkzf7qaJszXBIrV8xa0-LkTV74Hmvik9lODtoXJYGBcMyppsTjBEyV-IKS0jC51gJb9QcL94nr7dEI_WD10Kcp80lN8PrN4_3xjgXO70kuPyDD2uegjoKLIRqOCKogSUCwOu8jFnXkm02qNJthuyyA7j9T0FjNo-vc--i1Hz0AxZfCAT7g8UHneXau4Lg27t&amp;__tn__=-]K-R\">Ministerstwo Sportu i Turystyki<\/a><\/p><p><a href=\"https:\/\/www.facebook.com\/profile.php?id=100064655530660&amp;__cft__[0]=AZWob98Xben-WGcZ_LCRCtk5nkzf7qaJszXBIrV8xa0-LkTV74Hmvik9lODtoXJYGBcMyppsTjBEyV-IKS0jC51gJb9QcL94nr7dEI_WD10Kcp80lN8PrN4_3xjgXO70kuPyDD2uegjoKLIRqOCKogSUCwOu8jFnXkm02qNJthuyyA7j9T0FjNo-vc--i1Hz0AxZfCAT7g8UHneXau4Lg27t&amp;__tn__=-]K-R\">RMF MAXX<\/a><\/p><p><a href=\"https:\/\/www.facebook.com\/luxmed?__cft__[0]=AZWob98Xben-WGcZ_LCRCtk5nkzf7qaJszXBIrV8xa0-LkTV74Hmvik9lODtoXJYGBcMyppsTjBEyV-IKS0jC51gJb9QcL94nr7dEI_WD10Kcp80lN8PrN4_3xjgXO70kuPyDD2uegjoKLIRqOCKogSUCwOu8jFnXkm02qNJthuyyA7j9T0FjNo-vc--i1Hz0AxZfCAT7g8UHneXau4Lg27t&amp;__tn__=-]K-R\">Zdrowie w stylu LUX MED<\/a><\/p><p>@<a href=\"https:\/\/www.facebook.com\/RGOL.FootballCenter?__cft__[0]=AZWob98Xben-WGcZ_LCRCtk5nkzf7qaJszXBIrV8xa0-LkTV74Hmvik9lODtoXJYGBcMyppsTjBEyV-IKS0jC51gJb9QcL94nr7dEI_WD10Kcp80lN8PrN4_3xjgXO70kuPyDD2uegjoKLIRqOCKogSUCwOu8jFnXkm02qNJthuyyA7j9T0FjNo-vc--i1Hz0AxZfCAT7g8UHneXau4Lg27t&amp;__tn__=-]K-R\">R-GOL.com<\/a><\/p><figure class=\"wp-block-image size-large\"><img loading=\"lazy\" decoding=\"async\" width=\"1024\" height=\"1024\" src=\"https:\/\/dzielmysieusmiechem.pl\/wp-content\/uploads\/2024\/08\/IG-1-1024x1024.jpg\" alt=\"\" class=\"wp-image-2765\" srcset=\"https:\/\/dzielmysieusmiechem.pl\/wp-content\/uploads\/2024\/08\/IG-1-1024x1024.jpg 1024w, https:\/\/dzielmysieusmiechem.pl\/wp-content\/uploads\/2024\/08\/IG-1-300x300.jpg 300w, https:\/\/dzielmysieusmiechem.pl\/wp-content\/uploads\/2024\/08\/IG-1-100x100.jpg 100w, https:\/\/dzielmysieusmiechem.pl\/wp-content\/uploads\/2024\/08\/IG-1-600x600.jpg 600w, https:\/\/dzielmysieusmiechem.pl\/wp-content\/uploads\/2024\/08\/IG-1-150x150.jpg 150w, https:\/\/dzielmysieusmiechem.pl\/wp-content\/uploads\/2024\/08\/IG-1-768x768.jpg 768w, https:\/\/dzielmysieusmiechem.pl\/wp-content\/uploads\/2024\/08\/IG-1-12x12.jpg 12w, https:\/\/dzielmysieusmiechem.pl\/wp-content\/uploads\/2024\/08\/IG-1-500x500.jpg 500w, https:\/\/dzielmysieusmiechem.pl\/wp-content\/uploads\/2024\/08\/IG-1-800x800.jpg 800w, https:\/\/dzielmysieusmiechem.pl\/wp-content\/uploads\/2024\/08\/IG-1.jpg 1080w\" sizes=\"auto, (max-width: 1024px) 100vw, 1024px\" \/><\/figure><p><\/p>","protected":false},"excerpt":{"rendered":"<p>\ud835\udc16\ud835\udc00\ud835\udc11\ud835\udc13\ud835\udc00 \ud835\udc08\ud835\udc08\ud835\udc08 \ud835\udc0c\ud835\udc04\ud835\udc0c\ud835\udc0e\ud835\udc11\ud835\udc08\ud835\udc00\u0141 \ud835\udc08\ud835\udc0c \ud835\udc0a\ud835\udc11\ud835\udc18\ud835\udc12\ud835\udc13\ud835\udc08\ud835\udc00\ud835\udc0d\ud835\udc00 \ud835\udc0f\ud835\udc0e\ud835\udc0f\ud835\udc08\ud835\udc04\ud835\udc0b\ud835\udc08 \u2013 Turniej M\u0142odych Talent\u00f3w ! Ju\u017c \ud835\udfd5 \ud835\udc22 \ud835\udfd6 \ud835\udc30\ud835\udc2b\ud835\udc33\ud835\udc1e\ud835\udc2c\u0301\ud835\udc27\ud835\udc22\ud835\udc1a \ud835\udfd0\ud835\udfce\ud835\udfd0\ud835\udfd2 \ud835\udc2b\ud835\udc28\ud835\udc24\ud835\udc2e Krak\u00f3w ulica Parkowej 12A, \ud835\udc0a\ud835\udc0b\ud835\udc14\ud835\udc01 \ud835\udc12\ud835\udc0f\ud835\udc0e\ud835\udc11\ud835\udc13\ud835\udc0e\ud835\udc16\ud835\udc18 \ud835\udc0a\ud835\udc00\ud835\udc01\ud835\udc04\ud835\udc0b \ud835\udc0a\ud835\udc11\ud835\udc00\ud835\udc0a\ud835\udc0e\u0301\ud835\udc16, odb\u0119dzie si\u0119 III Memoria\u0142 im. Krystiana Popieli. Memoria\u0142 nosi szczeg\u00f3ln\u0105 nazw\u0119, poniewa\u017c po\u015bwi\u0119cony jest Krystianowi Popieli \u2013 m\u0142odemu, utalentowanemu pi\u0142karzowi, kt\u00f3ry swoj\u0105 pasj\u0105 i optymizmem inspirowa\u0142 wszystkich wok\u00f3\u0142. Krystian [&#8230;]<\/p>\n<p><a class=\"btn btn-secondary understrap-read-more-link\" href=\"https:\/\/dzielmysieusmiechem.pl\/en\/aktualnosci\/iii-memorial-im-krystiana-popieli-2\/\">Read More&#8230;<span class=\"screen-reader-text\"> from WARTA III MEMORIA\u0141 IM KRYSTIANA POPIELI<\/span><\/a><\/p>","protected":false},"author":2,"featured_media":2758,"comment_status":"closed","ping_status":"closed","sticky":false,"template":"","format":"standard","meta":{"footnotes":""},"categories":[8],"tags":[],"class_list":["post-2757","post","type-post","status-publish","format-standard","has-post-thumbnail","hentry","category-aktualnosci"],"acf":[],"aioseo_notices":[],"_links":{"self":[{"href":"https:\/\/dzielmysieusmiechem.pl\/en\/wp-json\/wp\/v2\/posts\/2757","targetHints":{"allow":["GET"]}}],"collection":[{"href":"https:\/\/dzielmysieusmiechem.pl\/en\/wp-json\/wp\/v2\/posts"}],"about":[{"href":"https:\/\/dzielmysieusmiechem.pl\/en\/wp-json\/wp\/v2\/types\/post"}],"author":[{"embeddable":true,"href":"https:\/\/dzielmysieusmiechem.pl\/en\/wp-json\/wp\/v2\/users\/2"}],"replies":[{"embeddable":true,"href":"https:\/\/dzielmysieusmiechem.pl\/en\/wp-json\/wp\/v2\/comments?post=2757"}],"version-history":[{"count":4,"href":"https:\/\/dzielmysieusmiechem.pl\/en\/wp-json\/wp\/v2\/posts\/2757\/revisions"}],"predecessor-version":[{"id":2768,"href":"https:\/\/dzielmysieusmiechem.pl\/en\/wp-json\/wp\/v2\/posts\/2757\/revisions\/2768"}],"wp:featuredmedia":[{"embeddable":true,"href":"https:\/\/dzielmysieusmiechem.pl\/en\/wp-json\/wp\/v2\/media\/2758"}],"wp:attachment":[{"href":"https:\/\/dzielmysieusmiechem.pl\/en\/wp-json\/wp\/v2\/media?parent=2757"}],"wp:term":[{"taxonomy":"category","embeddable":true,"href":"https:\/\/dzielmysieusmiechem.pl\/en\/wp-json\/wp\/v2\/categories?post=2757"},{"taxonomy":"post_tag","embeddable":true,"href":"https:\/\/dzielmysieusmiechem.pl\/en\/wp-json\/wp\/v2\/tags?post=2757"}],"curies":[{"name":"wp","href":"https:\/\/api.w.org\/{rel}","templated":true}]}}