{"id":3133,"date":"2025-01-08T18:41:42","date_gmt":"2025-01-08T17:41:42","guid":{"rendered":"https:\/\/dzielmysieusmiechem.pl\/?p=3133"},"modified":"2025-01-08T18:42:33","modified_gmt":"2025-01-08T17:42:33","slug":"sajmon-gasidlo","status":"publish","type":"post","link":"https:\/\/dzielmysieusmiechem.pl\/en\/bez-kategorii\/sajmon-gasidlo\/","title":{"rendered":"SAJMON GASID\u0141O"},"content":{"rendered":"<p><\/p><p>Kolejnym Podopiecznym Fundacji jest 19 letni pi\u0142karz Sajmon Gasid\u0142o.<\/p><p>Podczas jednego z mecz\u00f3w sparingowych m\u0142ody zawodnik dozna\u0142 kontuzji kolana.<\/p><p>Po badaniu rezonansem magnetycznym \ud835\udc28\ud835\udc24\ud835\udc1a\ud835\udc33\ud835\udc1a\u0142\ud835\udc28 \ud835\udc2c\ud835\udc22\ud835\udc1e\u0328 \ud835\udc33\u0307\ud835\udc1e \ud835\udc1d\ud835\udc28\ud835\udc2c\ud835\udc33\u0142\ud835\udc28 \ud835\udc1d\ud835\udc28 \ud835\udc33\ud835\udc1e\ud835\udc2b\ud835\udc30\ud835\udc1a\ud835\udc27\ud835\udc22\ud835\udc1a \ud835\udc30\ud835\udc22\ud835\udc1e\u0328\ud835\udc33\ud835\udc1a\ud835\udc1d\u0142\ud835\udc1a \ud835\udc00\ud835\udc02\ud835\udc0b, \ud835\udc27\ud835\udc1a\ud835\udc1d\ud835\udc1e\ud835\udc2b\ud835\udc30\ud835\udc1a\ud835\udc27\ud835\udc22\ud835\udc1a \ud835\udc0c\ud835\udc02\ud835\udc0b \ud835\udc22 \ud835\udc2e\ud835\udc2c\ud835\udc33\ud835\udc24\ud835\udc28\ud835\udc1d\ud835\udc33\ud835\udc1e\ud835\udc27\ud835\udc22\ud835\udc1a \ud835\udc28\ud835\udc1b\ud835\udc2e \u0142\ud835\udc1a\u0328\ud835\udc24\ud835\udc28\ud835\udc2d\ud835\udc1e\ud835\udc24.<\/p><p><a><\/a>Sajmon jest ju\u017c po dw\u00f3ch operacjach i b\u0119dzie rozpoczyna\u0142 rehabilitacj\u0119 w op\u0142aceniu kt\u00f3rej pomo\u017ce nasza fundacja.<\/p><p>Swoj\u0105 przygod\u0119 z pi\u0142k\u0105 rozpocz\u0105\u0142 w wieku 5 lat w dru\u017cynie Unii Racib\u00f3rz. Ponadto gra\u0142 w takich klubach jak Podbeskidzie Bielsko Bia\u0142a, Stal Mielec, Radomiak Radom.<\/p><p>Jak sam zawodnik powtarza ,,jestem zdeterminowany, aby wr\u00f3ci\u0107 do gry!\u201d. Sajmon \u017cyczymy Ci jak najszybszego powrotu na zielon\u0105 muraw\u0119!<\/p>","protected":false},"excerpt":{"rendered":"<p>Kolejnym Podopiecznym Fundacji jest 19 letni pi\u0142karz Sajmon Gasid\u0142o. Podczas jednego z mecz\u00f3w sparingowych m\u0142ody zawodnik dozna\u0142 kontuzji kolana. Po badaniu rezonansem magnetycznym \ud835\udc28\ud835\udc24\ud835\udc1a\ud835\udc33\ud835\udc1a\u0142\ud835\udc28 \ud835\udc2c\ud835\udc22\ud835\udc1e\u0328 \ud835\udc33\u0307\ud835\udc1e \ud835\udc1d\ud835\udc28\ud835\udc2c\ud835\udc33\u0142\ud835\udc28 \ud835\udc1d\ud835\udc28 \ud835\udc33\ud835\udc1e\ud835\udc2b\ud835\udc30\ud835\udc1a\ud835\udc27\ud835\udc22\ud835\udc1a \ud835\udc30\ud835\udc22\ud835\udc1e\u0328\ud835\udc33\ud835\udc1a\ud835\udc1d\u0142\ud835\udc1a \ud835\udc00\ud835\udc02\ud835\udc0b, \ud835\udc27\ud835\udc1a\ud835\udc1d\ud835\udc1e\ud835\udc2b\ud835\udc30\ud835\udc1a\ud835\udc27\ud835\udc22\ud835\udc1a \ud835\udc0c\ud835\udc02\ud835\udc0b \ud835\udc22 \ud835\udc2e\ud835\udc2c\ud835\udc33\ud835\udc24\ud835\udc28\ud835\udc1d\ud835\udc33\ud835\udc1e\ud835\udc27\ud835\udc22\ud835\udc1a \ud835\udc28\ud835\udc1b\ud835\udc2e \u0142\ud835\udc1a\u0328\ud835\udc24\ud835\udc28\ud835\udc2d\ud835\udc1e\ud835\udc24. Sajmon jest ju\u017c po dw\u00f3ch operacjach i b\u0119dzie rozpoczyna\u0142 rehabilitacj\u0119 w op\u0142aceniu kt\u00f3rej pomo\u017ce nasza fundacja. Swoj\u0105 przygod\u0119 [&#8230;]<\/p>\n<p><a class=\"btn btn-secondary understrap-read-more-link\" href=\"https:\/\/dzielmysieusmiechem.pl\/en\/bez-kategorii\/sajmon-gasidlo\/\">Read More&#8230;<span class=\"screen-reader-text\"> from SAJMON GASID\u0141O<\/span><\/a><\/p>","protected":false},"author":2,"featured_media":3134,"comment_status":"closed","ping_status":"closed","sticky":false,"template":"","format":"standard","meta":{"footnotes":""},"categories":[1],"tags":[],"class_list":["post-3133","post","type-post","status-publish","format-standard","has-post-thumbnail","hentry","category-bez-kategorii"],"acf":[],"aioseo_notices":[],"_links":{"self":[{"href":"https:\/\/dzielmysieusmiechem.pl\/en\/wp-json\/wp\/v2\/posts\/3133","targetHints":{"allow":["GET"]}}],"collection":[{"href":"https:\/\/dzielmysieusmiechem.pl\/en\/wp-json\/wp\/v2\/posts"}],"about":[{"href":"https:\/\/dzielmysieusmiechem.pl\/en\/wp-json\/wp\/v2\/types\/post"}],"author":[{"embeddable":true,"href":"https:\/\/dzielmysieusmiechem.pl\/en\/wp-json\/wp\/v2\/users\/2"}],"replies":[{"embeddable":true,"href":"https:\/\/dzielmysieusmiechem.pl\/en\/wp-json\/wp\/v2\/comments?post=3133"}],"version-history":[{"count":1,"href":"https:\/\/dzielmysieusmiechem.pl\/en\/wp-json\/wp\/v2\/posts\/3133\/revisions"}],"predecessor-version":[{"id":3135,"href":"https:\/\/dzielmysieusmiechem.pl\/en\/wp-json\/wp\/v2\/posts\/3133\/revisions\/3135"}],"wp:featuredmedia":[{"embeddable":true,"href":"https:\/\/dzielmysieusmiechem.pl\/en\/wp-json\/wp\/v2\/media\/3134"}],"wp:attachment":[{"href":"https:\/\/dzielmysieusmiechem.pl\/en\/wp-json\/wp\/v2\/media?parent=3133"}],"wp:term":[{"taxonomy":"category","embeddable":true,"href":"https:\/\/dzielmysieusmiechem.pl\/en\/wp-json\/wp\/v2\/categories?post=3133"},{"taxonomy":"post_tag","embeddable":true,"href":"https:\/\/dzielmysieusmiechem.pl\/en\/wp-json\/wp\/v2\/tags?post=3133"}],"curies":[{"name":"wp","href":"https:\/\/api.w.org\/{rel}","templated":true}]}}